{"id":23530,"date":"2024-04-02T09:09:43","date_gmt":"2024-04-02T09:09:43","guid":{"rendered":"https:\/\/www.grandjacquet.fr\/?p=23530"},"modified":"2024-09-10T06:12:48","modified_gmt":"2024-09-10T06:12:48","slug":"la-pause-comtadine-fraise","status":"publish","type":"post","link":"https:\/\/www.grandjacquet.fr\/en\/la-pause-comtadine-fraise\/","title":{"rendered":"La Pause Comtadine Sp\u00e9cial Fraise"},"content":{"rendered":"<p>On se donne rendez-vous le Vendredi 12 Avril 2024 de 12h \u00e0 13h30 \u00e0 l&rsquo;<a href=\"https:\/\/www.ventouxprovence.fr\/notre-espace-terroir.html\" target=\"_blank\" rel=\"noreferrer noopener\">espace terroir de Carpentras<\/a> pour la Pause Comtadine sp\u00e9cial fraise avec la Cheffe de la <a href=\"https:\/\/la-belle-des-champs.fr\/fr\" target=\"_blank\" rel=\"noreferrer noopener\">Belle des Champs<\/a> pour d\u00e9guster des pr\u00e9parations savoureuses et des accords mets et vins autour du symbole de la ville de Carpentras : la fraise !<\/p>\n\n\n\n<p>Tarif : 20\u20ac<\/p>\n\n\n\n<p>Infos et r\u00e9servations en cliquant <a href=\"https:\/\/reservation.ventouxprovence.fr\/la-pause-comtadine-fete-de-la-fraise.html\" target=\"_blank\" rel=\"noreferrer noopener\">here<\/a><\/p>\n\n\n\n<p><\/p>\n\n\n<div class=\"wp-block-image\">\n<figure class=\"aligncenter size-large is-resized\"><img fetchpriority=\"high\" decoding=\"async\" width=\"1024\" height=\"1024\" src=\"https:\/\/www.grandjacquet.fr\/wp-content\/uploads\/2024\/03\/Feed-DGJ-1024x1024.png\" alt=\"La Pause Comtadine Sp\u00e9cial Fraise\" class=\"wp-image-23531\" style=\"width:593px;height:auto\" srcset=\"https:\/\/www.grandjacquet.fr\/wp-content\/uploads\/2024\/03\/Feed-DGJ-1024x1024.png 1024w, https:\/\/www.grandjacquet.fr\/wp-content\/uploads\/2024\/03\/Feed-DGJ-300x300.png 300w, https:\/\/www.grandjacquet.fr\/wp-content\/uploads\/2024\/03\/Feed-DGJ-150x150.png 150w, https:\/\/www.grandjacquet.fr\/wp-content\/uploads\/2024\/03\/Feed-DGJ-768x768.png 768w, https:\/\/www.grandjacquet.fr\/wp-content\/uploads\/2024\/03\/Feed-DGJ-12x12.png 12w, https:\/\/www.grandjacquet.fr\/wp-content\/uploads\/2024\/03\/Feed-DGJ-600x600.png 600w, https:\/\/www.grandjacquet.fr\/wp-content\/uploads\/2024\/03\/Feed-DGJ-100x100.png 100w, https:\/\/www.grandjacquet.fr\/wp-content\/uploads\/2024\/03\/Feed-DGJ.png 1080w\" sizes=\"(max-width: 1024px) 100vw, 1024px\" \/><\/figure>\n<\/div>\n\n\n<p>Pour d\u00e9couvrir <a href=\"https:\/\/www.grandjacquet.fr\/en\/la-boutique-en-ligne\/\" target=\"_blank\" rel=\"noreferrer noopener\">our wines<\/a> !<\/p>\n\n\n\n<p><\/p>\n\n\n\n<p>L&rsquo;abus d&rsquo;alcool est dangereux pour la sant\u00e9, \u00e0 consommer avec mod\u00e9ration.<\/p>","protected":false},"excerpt":{"rendered":"<p>On se donne rendez-vous le Vendredi 12 Avril 2024 de 12h \u00e0 13h30 \u00e0 l&rsquo;espace terroir de Carpentras pour la Pause Comtadine sp\u00e9cial fraise avec la Cheffe de la Belle des Champs pour d\u00e9guster des pr\u00e9parations savoureuses et des accords mets et vins autour du symbole de la ville de Carpentras : la fraise !<\/p>","protected":false},"author":5,"featured_media":23531,"comment_status":"open","ping_status":"open","sticky":false,"template":"","format":"standard","meta":{"_kad_post_transparent":"","_kad_post_title":"","_kad_post_layout":"","_kad_post_sidebar_id":"","_kad_post_content_style":"","_kad_post_vertical_padding":"","_kad_post_feature":"","_kad_post_feature_position":"","_kad_post_header":false,"_kad_post_footer":false,"_kad_post_classname":"","footnotes":""},"categories":[12],"tags":[],"class_list":["post-23530","post","type-post","status-publish","format-standard","has-post-thumbnail","hentry","category-les-evenements"],"yoast_head":"<!-- This site is optimized with the Yoast SEO plugin v27.5 - https:\/\/yoast.com\/product\/yoast-seo-wordpress\/ -->\n<title>La Pause Comtadine Sp\u00e9cial Fraise | Grand Jacquet<\/title>\n<meta name=\"description\" content=\"On se donne rendez-vous le Vendredi 12 Avril 2024 de 12h \u00e0 13h30 \u00e0 l&#039;espace terroir de Carpentras pour la Pause Comtadine Sp\u00e9cial Fraise.\" \/>\n<meta name=\"robots\" content=\"index, follow, max-snippet:-1, max-image-preview:large, max-video-preview:-1\" \/>\n<link rel=\"canonical\" href=\"https:\/\/www.grandjacquet.fr\/en\/la-pause-comtadine-fraise\/\" \/>\n<meta property=\"og:locale\" content=\"en_GB\" \/>\n<meta property=\"og:type\" content=\"article\" \/>\n<meta property=\"og:title\" content=\"La Pause Comtadine Sp\u00e9cial Fraise | Grand Jacquet\" \/>\n<meta property=\"og:description\" content=\"On se donne rendez-vous le Vendredi 12 Avril 2024 de 12h \u00e0 13h30 \u00e0 l&#039;espace terroir de Carpentras pour la Pause Comtadine Sp\u00e9cial Fraise.\" \/>\n<meta property=\"og:url\" content=\"https:\/\/www.grandjacquet.fr\/en\/la-pause-comtadine-fraise\/\" \/>\n<meta property=\"og:site_name\" content=\"Grand Jacquet\" \/>\n<meta property=\"article:publisher\" content=\"https:\/\/www.facebook.com\/people\/Domaine-Grand-Jacquet\/100063467950836\/\" \/>\n<meta property=\"article:published_time\" content=\"2024-04-02T09:09:43+00:00\" \/>\n<meta property=\"article:modified_time\" content=\"2024-09-10T06:12:48+00:00\" \/>\n<meta property=\"og:image\" content=\"https:\/\/www.grandjacquet.fr\/wp-content\/uploads\/2024\/03\/Feed-DGJ.png\" \/>\n\t<meta property=\"og:image:width\" content=\"1080\" \/>\n\t<meta property=\"og:image:height\" content=\"1080\" \/>\n\t<meta property=\"og:image:type\" content=\"image\/png\" \/>\n<meta name=\"author\" content=\"Mathilde Martinet\" \/>\n<meta name=\"twitter:card\" content=\"summary_large_image\" \/>\n<meta name=\"twitter:creator\" content=\"@domgrandjacquet\" \/>\n<meta name=\"twitter:site\" content=\"@domgrandjacquet\" \/>\n<script type=\"application\/ld+json\" class=\"yoast-schema-graph\">{\"@context\":\"https:\\\/\\\/schema.org\",\"@graph\":[{\"@type\":\"Article\",\"@id\":\"https:\\\/\\\/www.grandjacquet.fr\\\/la-pause-comtadine-fraise\\\/#article\",\"isPartOf\":{\"@id\":\"https:\\\/\\\/www.grandjacquet.fr\\\/la-pause-comtadine-fraise\\\/\"},\"author\":{\"name\":\"Mathilde Martinet\",\"@id\":\"https:\\\/\\\/www.grandjacquet.fr\\\/#\\\/schema\\\/person\\\/0bc9716307dabc1b1e3354305995d361\"},\"headline\":\"La Pause Comtadine Sp\u00e9cial Fraise\",\"datePublished\":\"2024-04-02T09:09:43+00:00\",\"dateModified\":\"2024-09-10T06:12:48+00:00\",\"mainEntityOfPage\":{\"@id\":\"https:\\\/\\\/www.grandjacquet.fr\\\/la-pause-comtadine-fraise\\\/\"},\"wordCount\":86,\"commentCount\":0,\"publisher\":{\"@id\":\"https:\\\/\\\/www.grandjacquet.fr\\\/#organization\"},\"image\":{\"@id\":\"https:\\\/\\\/www.grandjacquet.fr\\\/la-pause-comtadine-fraise\\\/#primaryimage\"},\"thumbnailUrl\":\"https:\\\/\\\/www.grandjacquet.fr\\\/wp-content\\\/uploads\\\/2024\\\/03\\\/Feed-DGJ.png\",\"articleSection\":[\"les \u00e9v\u00e9nements\"],\"inLanguage\":\"en-GB\",\"potentialAction\":[{\"@type\":\"CommentAction\",\"name\":\"Comment\",\"target\":[\"https:\\\/\\\/www.grandjacquet.fr\\\/la-pause-comtadine-fraise\\\/#respond\"]}]},{\"@type\":\"WebPage\",\"@id\":\"https:\\\/\\\/www.grandjacquet.fr\\\/la-pause-comtadine-fraise\\\/\",\"url\":\"https:\\\/\\\/www.grandjacquet.fr\\\/la-pause-comtadine-fraise\\\/\",\"name\":\"La Pause Comtadine Sp\u00e9cial Fraise | Grand Jacquet\",\"isPartOf\":{\"@id\":\"https:\\\/\\\/www.grandjacquet.fr\\\/#website\"},\"primaryImageOfPage\":{\"@id\":\"https:\\\/\\\/www.grandjacquet.fr\\\/la-pause-comtadine-fraise\\\/#primaryimage\"},\"image\":{\"@id\":\"https:\\\/\\\/www.grandjacquet.fr\\\/la-pause-comtadine-fraise\\\/#primaryimage\"},\"thumbnailUrl\":\"https:\\\/\\\/www.grandjacquet.fr\\\/wp-content\\\/uploads\\\/2024\\\/03\\\/Feed-DGJ.png\",\"datePublished\":\"2024-04-02T09:09:43+00:00\",\"dateModified\":\"2024-09-10T06:12:48+00:00\",\"description\":\"On se donne rendez-vous le Vendredi 12 Avril 2024 de 12h \u00e0 13h30 \u00e0 l'espace terroir de Carpentras pour la Pause Comtadine Sp\u00e9cial Fraise.\",\"breadcrumb\":{\"@id\":\"https:\\\/\\\/www.grandjacquet.fr\\\/la-pause-comtadine-fraise\\\/#breadcrumb\"},\"inLanguage\":\"en-GB\",\"potentialAction\":[{\"@type\":\"ReadAction\",\"target\":[\"https:\\\/\\\/www.grandjacquet.fr\\\/la-pause-comtadine-fraise\\\/\"]}]},{\"@type\":\"ImageObject\",\"inLanguage\":\"en-GB\",\"@id\":\"https:\\\/\\\/www.grandjacquet.fr\\\/la-pause-comtadine-fraise\\\/#primaryimage\",\"url\":\"https:\\\/\\\/www.grandjacquet.fr\\\/wp-content\\\/uploads\\\/2024\\\/03\\\/Feed-DGJ.png\",\"contentUrl\":\"https:\\\/\\\/www.grandjacquet.fr\\\/wp-content\\\/uploads\\\/2024\\\/03\\\/Feed-DGJ.png\",\"width\":1080,\"height\":1080},{\"@type\":\"BreadcrumbList\",\"@id\":\"https:\\\/\\\/www.grandjacquet.fr\\\/la-pause-comtadine-fraise\\\/#breadcrumb\",\"itemListElement\":[{\"@type\":\"ListItem\",\"position\":1,\"name\":\"Accueil\",\"item\":\"https:\\\/\\\/www.grandjacquet.fr\\\/\"},{\"@type\":\"ListItem\",\"position\":2,\"name\":\"La Pause Comtadine Sp\u00e9cial Fraise\"}]},{\"@type\":\"WebSite\",\"@id\":\"https:\\\/\\\/www.grandjacquet.fr\\\/#website\",\"url\":\"https:\\\/\\\/www.grandjacquet.fr\\\/\",\"name\":\"Grand Jacquet\",\"description\":\"\",\"publisher\":{\"@id\":\"https:\\\/\\\/www.grandjacquet.fr\\\/#organization\"},\"potentialAction\":[{\"@type\":\"SearchAction\",\"target\":{\"@type\":\"EntryPoint\",\"urlTemplate\":\"https:\\\/\\\/www.grandjacquet.fr\\\/?s={search_term_string}\"},\"query-input\":{\"@type\":\"PropertyValueSpecification\",\"valueRequired\":true,\"valueName\":\"search_term_string\"}}],\"inLanguage\":\"en-GB\"},{\"@type\":\"Organization\",\"@id\":\"https:\\\/\\\/www.grandjacquet.fr\\\/#organization\",\"name\":\"Domaine du Grand Jacquet\",\"alternateName\":\"Domaine Grand Jacquet\",\"url\":\"https:\\\/\\\/www.grandjacquet.fr\\\/\",\"logo\":{\"@type\":\"ImageObject\",\"inLanguage\":\"en-GB\",\"@id\":\"https:\\\/\\\/www.grandjacquet.fr\\\/#\\\/schema\\\/logo\\\/image\\\/\",\"url\":\"https:\\\/\\\/www.grandjacquet.fr\\\/wp-content\\\/uploads\\\/2022\\\/05\\\/lechene.png\",\"contentUrl\":\"https:\\\/\\\/www.grandjacquet.fr\\\/wp-content\\\/uploads\\\/2022\\\/05\\\/lechene.png\",\"width\":126,\"height\":95,\"caption\":\"Domaine du Grand Jacquet\"},\"image\":{\"@id\":\"https:\\\/\\\/www.grandjacquet.fr\\\/#\\\/schema\\\/logo\\\/image\\\/\"},\"sameAs\":[\"https:\\\/\\\/www.facebook.com\\\/people\\\/Domaine-Grand-Jacquet\\\/100063467950836\\\/\",\"https:\\\/\\\/x.com\\\/domgrandjacquet\",\"https:\\\/\\\/www.instagram.com\\\/domainegrandjacquet\\\/?hl=fr\"]},{\"@type\":\"Person\",\"@id\":\"https:\\\/\\\/www.grandjacquet.fr\\\/#\\\/schema\\\/person\\\/0bc9716307dabc1b1e3354305995d361\",\"name\":\"Mathilde Martinet\",\"image\":{\"@type\":\"ImageObject\",\"inLanguage\":\"en-GB\",\"@id\":\"https:\\\/\\\/secure.gravatar.com\\\/avatar\\\/0790ccd31cc100300bfd09122924913427a79885e79bf4d04b20030a312c2757?s=96&d=mm&r=g\",\"url\":\"https:\\\/\\\/secure.gravatar.com\\\/avatar\\\/0790ccd31cc100300bfd09122924913427a79885e79bf4d04b20030a312c2757?s=96&d=mm&r=g\",\"contentUrl\":\"https:\\\/\\\/secure.gravatar.com\\\/avatar\\\/0790ccd31cc100300bfd09122924913427a79885e79bf4d04b20030a312c2757?s=96&d=mm&r=g\",\"caption\":\"Mathilde Martinet\"}}]}<\/script>\n<!-- \/ Yoast SEO plugin. -->","yoast_head_json":{"title":"La Pause Comtadine Sp\u00e9cial Fraise | Grand Jacquet","description":"On se donne rendez-vous le Vendredi 12 Avril 2024 de 12h \u00e0 13h30 \u00e0 l'espace terroir de Carpentras pour la Pause Comtadine Sp\u00e9cial Fraise.","robots":{"index":"index","follow":"follow","max-snippet":"max-snippet:-1","max-image-preview":"max-image-preview:large","max-video-preview":"max-video-preview:-1"},"canonical":"https:\/\/www.grandjacquet.fr\/en\/la-pause-comtadine-fraise\/","og_locale":"en_GB","og_type":"article","og_title":"La Pause Comtadine Sp\u00e9cial Fraise | Grand Jacquet","og_description":"On se donne rendez-vous le Vendredi 12 Avril 2024 de 12h \u00e0 13h30 \u00e0 l'espace terroir de Carpentras pour la Pause Comtadine Sp\u00e9cial Fraise.","og_url":"https:\/\/www.grandjacquet.fr\/en\/la-pause-comtadine-fraise\/","og_site_name":"Grand Jacquet","article_publisher":"https:\/\/www.facebook.com\/people\/Domaine-Grand-Jacquet\/100063467950836\/","article_published_time":"2024-04-02T09:09:43+00:00","article_modified_time":"2024-09-10T06:12:48+00:00","og_image":[{"width":1080,"height":1080,"url":"https:\/\/www.grandjacquet.fr\/wp-content\/uploads\/2024\/03\/Feed-DGJ.png","type":"image\/png"}],"author":"Mathilde Martinet","twitter_card":"summary_large_image","twitter_creator":"@domgrandjacquet","twitter_site":"@domgrandjacquet","schema":{"@context":"https:\/\/schema.org","@graph":[{"@type":"Article","@id":"https:\/\/www.grandjacquet.fr\/la-pause-comtadine-fraise\/#article","isPartOf":{"@id":"https:\/\/www.grandjacquet.fr\/la-pause-comtadine-fraise\/"},"author":{"name":"Mathilde Martinet","@id":"https:\/\/www.grandjacquet.fr\/#\/schema\/person\/0bc9716307dabc1b1e3354305995d361"},"headline":"La Pause Comtadine Sp\u00e9cial Fraise","datePublished":"2024-04-02T09:09:43+00:00","dateModified":"2024-09-10T06:12:48+00:00","mainEntityOfPage":{"@id":"https:\/\/www.grandjacquet.fr\/la-pause-comtadine-fraise\/"},"wordCount":86,"commentCount":0,"publisher":{"@id":"https:\/\/www.grandjacquet.fr\/#organization"},"image":{"@id":"https:\/\/www.grandjacquet.fr\/la-pause-comtadine-fraise\/#primaryimage"},"thumbnailUrl":"https:\/\/www.grandjacquet.fr\/wp-content\/uploads\/2024\/03\/Feed-DGJ.png","articleSection":["les \u00e9v\u00e9nements"],"inLanguage":"en-GB","potentialAction":[{"@type":"CommentAction","name":"Comment","target":["https:\/\/www.grandjacquet.fr\/la-pause-comtadine-fraise\/#respond"]}]},{"@type":"WebPage","@id":"https:\/\/www.grandjacquet.fr\/la-pause-comtadine-fraise\/","url":"https:\/\/www.grandjacquet.fr\/la-pause-comtadine-fraise\/","name":"La Pause Comtadine Sp\u00e9cial Fraise | Grand Jacquet","isPartOf":{"@id":"https:\/\/www.grandjacquet.fr\/#website"},"primaryImageOfPage":{"@id":"https:\/\/www.grandjacquet.fr\/la-pause-comtadine-fraise\/#primaryimage"},"image":{"@id":"https:\/\/www.grandjacquet.fr\/la-pause-comtadine-fraise\/#primaryimage"},"thumbnailUrl":"https:\/\/www.grandjacquet.fr\/wp-content\/uploads\/2024\/03\/Feed-DGJ.png","datePublished":"2024-04-02T09:09:43+00:00","dateModified":"2024-09-10T06:12:48+00:00","description":"On se donne rendez-vous le Vendredi 12 Avril 2024 de 12h \u00e0 13h30 \u00e0 l'espace terroir de Carpentras pour la Pause Comtadine Sp\u00e9cial Fraise.","breadcrumb":{"@id":"https:\/\/www.grandjacquet.fr\/la-pause-comtadine-fraise\/#breadcrumb"},"inLanguage":"en-GB","potentialAction":[{"@type":"ReadAction","target":["https:\/\/www.grandjacquet.fr\/la-pause-comtadine-fraise\/"]}]},{"@type":"ImageObject","inLanguage":"en-GB","@id":"https:\/\/www.grandjacquet.fr\/la-pause-comtadine-fraise\/#primaryimage","url":"https:\/\/www.grandjacquet.fr\/wp-content\/uploads\/2024\/03\/Feed-DGJ.png","contentUrl":"https:\/\/www.grandjacquet.fr\/wp-content\/uploads\/2024\/03\/Feed-DGJ.png","width":1080,"height":1080},{"@type":"BreadcrumbList","@id":"https:\/\/www.grandjacquet.fr\/la-pause-comtadine-fraise\/#breadcrumb","itemListElement":[{"@type":"ListItem","position":1,"name":"Accueil","item":"https:\/\/www.grandjacquet.fr\/"},{"@type":"ListItem","position":2,"name":"La Pause Comtadine Sp\u00e9cial Fraise"}]},{"@type":"WebSite","@id":"https:\/\/www.grandjacquet.fr\/#website","url":"https:\/\/www.grandjacquet.fr\/","name":"Grand Jacquet","description":"","publisher":{"@id":"https:\/\/www.grandjacquet.fr\/#organization"},"potentialAction":[{"@type":"SearchAction","target":{"@type":"EntryPoint","urlTemplate":"https:\/\/www.grandjacquet.fr\/?s={search_term_string}"},"query-input":{"@type":"PropertyValueSpecification","valueRequired":true,"valueName":"search_term_string"}}],"inLanguage":"en-GB"},{"@type":"Organization","@id":"https:\/\/www.grandjacquet.fr\/#organization","name":"Domaine du Grand Jacquet","alternateName":"Domaine Grand Jacquet","url":"https:\/\/www.grandjacquet.fr\/","logo":{"@type":"ImageObject","inLanguage":"en-GB","@id":"https:\/\/www.grandjacquet.fr\/#\/schema\/logo\/image\/","url":"https:\/\/www.grandjacquet.fr\/wp-content\/uploads\/2022\/05\/lechene.png","contentUrl":"https:\/\/www.grandjacquet.fr\/wp-content\/uploads\/2022\/05\/lechene.png","width":126,"height":95,"caption":"Domaine du Grand Jacquet"},"image":{"@id":"https:\/\/www.grandjacquet.fr\/#\/schema\/logo\/image\/"},"sameAs":["https:\/\/www.facebook.com\/people\/Domaine-Grand-Jacquet\/100063467950836\/","https:\/\/x.com\/domgrandjacquet","https:\/\/www.instagram.com\/domainegrandjacquet\/?hl=fr"]},{"@type":"Person","@id":"https:\/\/www.grandjacquet.fr\/#\/schema\/person\/0bc9716307dabc1b1e3354305995d361","name":"Mathilde Martinet","image":{"@type":"ImageObject","inLanguage":"en-GB","@id":"https:\/\/secure.gravatar.com\/avatar\/0790ccd31cc100300bfd09122924913427a79885e79bf4d04b20030a312c2757?s=96&d=mm&r=g","url":"https:\/\/secure.gravatar.com\/avatar\/0790ccd31cc100300bfd09122924913427a79885e79bf4d04b20030a312c2757?s=96&d=mm&r=g","contentUrl":"https:\/\/secure.gravatar.com\/avatar\/0790ccd31cc100300bfd09122924913427a79885e79bf4d04b20030a312c2757?s=96&d=mm&r=g","caption":"Mathilde Martinet"}}]}},"_links":{"self":[{"href":"https:\/\/www.grandjacquet.fr\/en\/wp-json\/wp\/v2\/posts\/23530","targetHints":{"allow":["GET"]}}],"collection":[{"href":"https:\/\/www.grandjacquet.fr\/en\/wp-json\/wp\/v2\/posts"}],"about":[{"href":"https:\/\/www.grandjacquet.fr\/en\/wp-json\/wp\/v2\/types\/post"}],"author":[{"embeddable":true,"href":"https:\/\/www.grandjacquet.fr\/en\/wp-json\/wp\/v2\/users\/5"}],"replies":[{"embeddable":true,"href":"https:\/\/www.grandjacquet.fr\/en\/wp-json\/wp\/v2\/comments?post=23530"}],"version-history":[{"count":0,"href":"https:\/\/www.grandjacquet.fr\/en\/wp-json\/wp\/v2\/posts\/23530\/revisions"}],"wp:featuredmedia":[{"embeddable":true,"href":"https:\/\/www.grandjacquet.fr\/en\/wp-json\/wp\/v2\/media\/23531"}],"wp:attachment":[{"href":"https:\/\/www.grandjacquet.fr\/en\/wp-json\/wp\/v2\/media?parent=23530"}],"wp:term":[{"taxonomy":"category","embeddable":true,"href":"https:\/\/www.grandjacquet.fr\/en\/wp-json\/wp\/v2\/categories?post=23530"},{"taxonomy":"post_tag","embeddable":true,"href":"https:\/\/www.grandjacquet.fr\/en\/wp-json\/wp\/v2\/tags?post=23530"}],"curies":[{"name":"wp","href":"https:\/\/api.w.org\/{rel}","templated":true}]}}