{"id":2232,"date":"2022-03-24T14:19:27","date_gmt":"2022-03-24T14:19:27","guid":{"rendered":"http:\/\/www.grandjacquet.fr\/?p=2232"},"modified":"2022-09-14T10:39:23","modified_gmt":"2022-09-14T10:39:23","slug":"le-salon-des-vignerons-independants","status":"publish","type":"post","link":"https:\/\/www.grandjacquet.fr\/en\/le-salon-des-vignerons-independants\/","title":{"rendered":"Salon des vignerons ind\u00e9pendants"},"content":{"rendered":"<div class=\"wp-block-image is-style-default\">\n<figure class=\"aligncenter size-full\"><img fetchpriority=\"high\" decoding=\"async\" width=\"464\" height=\"455\" src=\"http:\/\/www.grandjacquet.fr\/wp-content\/uploads\/2022\/03\/strasbourg.png\" alt=\"Salon des vignerons ind\u00e9pendants\" class=\"wp-image-2233\" title=\"Salon de Strasbourg\" srcset=\"https:\/\/www.grandjacquet.fr\/wp-content\/uploads\/2022\/03\/strasbourg.png 464w, https:\/\/www.grandjacquet.fr\/wp-content\/uploads\/2022\/03\/strasbourg-300x294.png 300w\" sizes=\"(max-width: 464px) 100vw, 464px\" \/><\/figure>\n<\/div>\n\n\n<blockquote class=\"wp-block-quote has-large-font-size is-layout-flow wp-block-quote-is-layout-flow\"><p><em><strong>Join us in Strasbourg<\/strong><\/em><\/p><\/blockquote>\n\n\n\n<p>You can find us at the independent winegrowers' exhibition in Strasbourg from 25 to 28 March 2022.<\/p>","protected":false},"excerpt":{"rendered":"<p>Join us in Strasbourg You can find us at the independent winegrowers' exhibition in Strasbourg from 25 to 28 March 2022.<\/p>","protected":false},"author":1,"featured_media":2234,"comment_status":"open","ping_status":"open","sticky":false,"template":"","format":"standard","meta":{"_kad_post_transparent":"","_kad_post_title":"","_kad_post_layout":"","_kad_post_sidebar_id":"","_kad_post_content_style":"","_kad_post_vertical_padding":"","_kad_post_feature":"","_kad_post_feature_position":"","_kad_post_header":false,"_kad_post_footer":false,"_kad_post_classname":"","footnotes":""},"categories":[13],"tags":[],"class_list":["post-2232","post","type-post","status-publish","format-standard","has-post-thumbnail","hentry","category-les-salons"],"yoast_head":"<!-- This site is optimized with the Yoast SEO plugin v27.4 - https:\/\/yoast.com\/product\/yoast-seo-wordpress\/ -->\n<title>Salon des vignerons ind\u00e9pendants | Domaine du Grand Jacquet<\/title>\n<meta name=\"description\" content=\"Salon des vignerons ind\u00e9pendants, rejoignez-nous \u00e0 Strasbourg au salon des vins des vignerons ind\u00e9pendants du 25 au 28 mars 2022.\" \/>\n<meta name=\"robots\" content=\"index, follow, max-snippet:-1, max-image-preview:large, max-video-preview:-1\" \/>\n<link rel=\"canonical\" href=\"https:\/\/www.grandjacquet.fr\/en\/le-salon-des-vignerons-independants\/\" \/>\n<meta property=\"og:locale\" content=\"en_GB\" \/>\n<meta property=\"og:type\" content=\"article\" \/>\n<meta property=\"og:title\" content=\"Salon des vignerons ind\u00e9pendants | Domaine du Grand Jacquet\" \/>\n<meta property=\"og:description\" content=\"Salon des vignerons ind\u00e9pendants, rejoignez-nous \u00e0 Strasbourg au salon des vins des vignerons ind\u00e9pendants du 25 au 28 mars 2022.\" \/>\n<meta property=\"og:url\" content=\"https:\/\/www.grandjacquet.fr\/en\/le-salon-des-vignerons-independants\/\" \/>\n<meta property=\"og:site_name\" content=\"Grand Jacquet\" \/>\n<meta property=\"article:publisher\" content=\"https:\/\/www.facebook.com\/people\/Domaine-Grand-Jacquet\/100063467950836\/\" \/>\n<meta property=\"article:published_time\" content=\"2022-03-24T14:19:27+00:00\" \/>\n<meta property=\"article:modified_time\" content=\"2022-09-14T10:39:23+00:00\" \/>\n<meta property=\"og:image\" content=\"https:\/\/www.grandjacquet.fr\/wp-content\/uploads\/2022\/03\/strasbourg-salon.jpeg\" \/>\n\t<meta property=\"og:image:width\" content=\"800\" \/>\n\t<meta property=\"og:image:height\" content=\"640\" \/>\n\t<meta property=\"og:image:type\" content=\"image\/jpeg\" \/>\n<meta name=\"author\" content=\"Grand Jacquet\" \/>\n<meta name=\"twitter:card\" content=\"summary_large_image\" \/>\n<meta name=\"twitter:creator\" content=\"@domgrandjacquet\" \/>\n<meta name=\"twitter:site\" content=\"@domgrandjacquet\" \/>\n<script type=\"application\/ld+json\" class=\"yoast-schema-graph\">{\"@context\":\"https:\\\/\\\/schema.org\",\"@graph\":[{\"@type\":\"Article\",\"@id\":\"https:\\\/\\\/www.grandjacquet.fr\\\/le-salon-des-vignerons-independants\\\/#article\",\"isPartOf\":{\"@id\":\"https:\\\/\\\/www.grandjacquet.fr\\\/le-salon-des-vignerons-independants\\\/\"},\"author\":{\"name\":\"Grand Jacquet\",\"@id\":\"https:\\\/\\\/www.grandjacquet.fr\\\/#\\\/schema\\\/person\\\/d7fded1cffd4741862eaba0bae801305\"},\"headline\":\"Salon des vignerons ind\u00e9pendants\",\"datePublished\":\"2022-03-24T14:19:27+00:00\",\"dateModified\":\"2022-09-14T10:39:23+00:00\",\"mainEntityOfPage\":{\"@id\":\"https:\\\/\\\/www.grandjacquet.fr\\\/le-salon-des-vignerons-independants\\\/\"},\"wordCount\":23,\"commentCount\":0,\"publisher\":{\"@id\":\"https:\\\/\\\/www.grandjacquet.fr\\\/#organization\"},\"image\":{\"@id\":\"https:\\\/\\\/www.grandjacquet.fr\\\/le-salon-des-vignerons-independants\\\/#primaryimage\"},\"thumbnailUrl\":\"https:\\\/\\\/www.grandjacquet.fr\\\/wp-content\\\/uploads\\\/2022\\\/03\\\/strasbourg-salon.jpeg\",\"articleSection\":[\"les salons\"],\"inLanguage\":\"en-GB\",\"potentialAction\":[{\"@type\":\"CommentAction\",\"name\":\"Comment\",\"target\":[\"https:\\\/\\\/www.grandjacquet.fr\\\/le-salon-des-vignerons-independants\\\/#respond\"]}]},{\"@type\":\"WebPage\",\"@id\":\"https:\\\/\\\/www.grandjacquet.fr\\\/le-salon-des-vignerons-independants\\\/\",\"url\":\"https:\\\/\\\/www.grandjacquet.fr\\\/le-salon-des-vignerons-independants\\\/\",\"name\":\"Salon des vignerons ind\u00e9pendants | Domaine du Grand Jacquet\",\"isPartOf\":{\"@id\":\"https:\\\/\\\/www.grandjacquet.fr\\\/#website\"},\"primaryImageOfPage\":{\"@id\":\"https:\\\/\\\/www.grandjacquet.fr\\\/le-salon-des-vignerons-independants\\\/#primaryimage\"},\"image\":{\"@id\":\"https:\\\/\\\/www.grandjacquet.fr\\\/le-salon-des-vignerons-independants\\\/#primaryimage\"},\"thumbnailUrl\":\"https:\\\/\\\/www.grandjacquet.fr\\\/wp-content\\\/uploads\\\/2022\\\/03\\\/strasbourg-salon.jpeg\",\"datePublished\":\"2022-03-24T14:19:27+00:00\",\"dateModified\":\"2022-09-14T10:39:23+00:00\",\"description\":\"Salon des vignerons ind\u00e9pendants, rejoignez-nous \u00e0 Strasbourg au salon des vins des vignerons ind\u00e9pendants du 25 au 28 mars 2022.\",\"breadcrumb\":{\"@id\":\"https:\\\/\\\/www.grandjacquet.fr\\\/le-salon-des-vignerons-independants\\\/#breadcrumb\"},\"inLanguage\":\"en-GB\",\"potentialAction\":[{\"@type\":\"ReadAction\",\"target\":[\"https:\\\/\\\/www.grandjacquet.fr\\\/le-salon-des-vignerons-independants\\\/\"]}]},{\"@type\":\"ImageObject\",\"inLanguage\":\"en-GB\",\"@id\":\"https:\\\/\\\/www.grandjacquet.fr\\\/le-salon-des-vignerons-independants\\\/#primaryimage\",\"url\":\"https:\\\/\\\/www.grandjacquet.fr\\\/wp-content\\\/uploads\\\/2022\\\/03\\\/strasbourg-salon.jpeg\",\"contentUrl\":\"https:\\\/\\\/www.grandjacquet.fr\\\/wp-content\\\/uploads\\\/2022\\\/03\\\/strasbourg-salon.jpeg\",\"width\":800,\"height\":640,\"caption\":\"Salon des Vins des Vignerons Ind\u00e9pendants\"},{\"@type\":\"BreadcrumbList\",\"@id\":\"https:\\\/\\\/www.grandjacquet.fr\\\/le-salon-des-vignerons-independants\\\/#breadcrumb\",\"itemListElement\":[{\"@type\":\"ListItem\",\"position\":1,\"name\":\"Accueil\",\"item\":\"https:\\\/\\\/www.grandjacquet.fr\\\/\"},{\"@type\":\"ListItem\",\"position\":2,\"name\":\"Salon des vignerons ind\u00e9pendants\"}]},{\"@type\":\"WebSite\",\"@id\":\"https:\\\/\\\/www.grandjacquet.fr\\\/#website\",\"url\":\"https:\\\/\\\/www.grandjacquet.fr\\\/\",\"name\":\"Grand Jacquet\",\"description\":\"\",\"publisher\":{\"@id\":\"https:\\\/\\\/www.grandjacquet.fr\\\/#organization\"},\"potentialAction\":[{\"@type\":\"SearchAction\",\"target\":{\"@type\":\"EntryPoint\",\"urlTemplate\":\"https:\\\/\\\/www.grandjacquet.fr\\\/?s={search_term_string}\"},\"query-input\":{\"@type\":\"PropertyValueSpecification\",\"valueRequired\":true,\"valueName\":\"search_term_string\"}}],\"inLanguage\":\"en-GB\"},{\"@type\":\"Organization\",\"@id\":\"https:\\\/\\\/www.grandjacquet.fr\\\/#organization\",\"name\":\"Domaine du Grand Jacquet\",\"alternateName\":\"Domaine Grand Jacquet\",\"url\":\"https:\\\/\\\/www.grandjacquet.fr\\\/\",\"logo\":{\"@type\":\"ImageObject\",\"inLanguage\":\"en-GB\",\"@id\":\"https:\\\/\\\/www.grandjacquet.fr\\\/#\\\/schema\\\/logo\\\/image\\\/\",\"url\":\"https:\\\/\\\/www.grandjacquet.fr\\\/wp-content\\\/uploads\\\/2022\\\/05\\\/lechene.png\",\"contentUrl\":\"https:\\\/\\\/www.grandjacquet.fr\\\/wp-content\\\/uploads\\\/2022\\\/05\\\/lechene.png\",\"width\":126,\"height\":95,\"caption\":\"Domaine du Grand Jacquet\"},\"image\":{\"@id\":\"https:\\\/\\\/www.grandjacquet.fr\\\/#\\\/schema\\\/logo\\\/image\\\/\"},\"sameAs\":[\"https:\\\/\\\/www.facebook.com\\\/people\\\/Domaine-Grand-Jacquet\\\/100063467950836\\\/\",\"https:\\\/\\\/x.com\\\/domgrandjacquet\",\"https:\\\/\\\/www.instagram.com\\\/domainegrandjacquet\\\/?hl=fr\"]},{\"@type\":\"Person\",\"@id\":\"https:\\\/\\\/www.grandjacquet.fr\\\/#\\\/schema\\\/person\\\/d7fded1cffd4741862eaba0bae801305\",\"name\":\"Grand Jacquet\",\"image\":{\"@type\":\"ImageObject\",\"inLanguage\":\"en-GB\",\"@id\":\"https:\\\/\\\/secure.gravatar.com\\\/avatar\\\/47d7d10069d01ca44b74ed5a075490cc32a686c50e3f21399ea3b317e043b670?s=96&d=mm&r=g\",\"url\":\"https:\\\/\\\/secure.gravatar.com\\\/avatar\\\/47d7d10069d01ca44b74ed5a075490cc32a686c50e3f21399ea3b317e043b670?s=96&d=mm&r=g\",\"contentUrl\":\"https:\\\/\\\/secure.gravatar.com\\\/avatar\\\/47d7d10069d01ca44b74ed5a075490cc32a686c50e3f21399ea3b317e043b670?s=96&d=mm&r=g\",\"caption\":\"Grand Jacquet\"},\"sameAs\":[\"http:\\\/\\\/www.grandjacquet.fr\"]}]}<\/script>\n<!-- \/ Yoast SEO plugin. -->","yoast_head_json":{"title":"Salon des vignerons ind\u00e9pendants | Domaine du Grand Jacquet","description":"Salon des vignerons ind\u00e9pendants, rejoignez-nous \u00e0 Strasbourg au salon des vins des vignerons ind\u00e9pendants du 25 au 28 mars 2022.","robots":{"index":"index","follow":"follow","max-snippet":"max-snippet:-1","max-image-preview":"max-image-preview:large","max-video-preview":"max-video-preview:-1"},"canonical":"https:\/\/www.grandjacquet.fr\/en\/le-salon-des-vignerons-independants\/","og_locale":"en_GB","og_type":"article","og_title":"Salon des vignerons ind\u00e9pendants | Domaine du Grand Jacquet","og_description":"Salon des vignerons ind\u00e9pendants, rejoignez-nous \u00e0 Strasbourg au salon des vins des vignerons ind\u00e9pendants du 25 au 28 mars 2022.","og_url":"https:\/\/www.grandjacquet.fr\/en\/le-salon-des-vignerons-independants\/","og_site_name":"Grand Jacquet","article_publisher":"https:\/\/www.facebook.com\/people\/Domaine-Grand-Jacquet\/100063467950836\/","article_published_time":"2022-03-24T14:19:27+00:00","article_modified_time":"2022-09-14T10:39:23+00:00","og_image":[{"width":800,"height":640,"url":"https:\/\/www.grandjacquet.fr\/wp-content\/uploads\/2022\/03\/strasbourg-salon.jpeg","type":"image\/jpeg"}],"author":"Grand Jacquet","twitter_card":"summary_large_image","twitter_creator":"@domgrandjacquet","twitter_site":"@domgrandjacquet","schema":{"@context":"https:\/\/schema.org","@graph":[{"@type":"Article","@id":"https:\/\/www.grandjacquet.fr\/le-salon-des-vignerons-independants\/#article","isPartOf":{"@id":"https:\/\/www.grandjacquet.fr\/le-salon-des-vignerons-independants\/"},"author":{"name":"Grand Jacquet","@id":"https:\/\/www.grandjacquet.fr\/#\/schema\/person\/d7fded1cffd4741862eaba0bae801305"},"headline":"Salon des vignerons ind\u00e9pendants","datePublished":"2022-03-24T14:19:27+00:00","dateModified":"2022-09-14T10:39:23+00:00","mainEntityOfPage":{"@id":"https:\/\/www.grandjacquet.fr\/le-salon-des-vignerons-independants\/"},"wordCount":23,"commentCount":0,"publisher":{"@id":"https:\/\/www.grandjacquet.fr\/#organization"},"image":{"@id":"https:\/\/www.grandjacquet.fr\/le-salon-des-vignerons-independants\/#primaryimage"},"thumbnailUrl":"https:\/\/www.grandjacquet.fr\/wp-content\/uploads\/2022\/03\/strasbourg-salon.jpeg","articleSection":["les salons"],"inLanguage":"en-GB","potentialAction":[{"@type":"CommentAction","name":"Comment","target":["https:\/\/www.grandjacquet.fr\/le-salon-des-vignerons-independants\/#respond"]}]},{"@type":"WebPage","@id":"https:\/\/www.grandjacquet.fr\/le-salon-des-vignerons-independants\/","url":"https:\/\/www.grandjacquet.fr\/le-salon-des-vignerons-independants\/","name":"Salon des vignerons ind\u00e9pendants | Domaine du Grand Jacquet","isPartOf":{"@id":"https:\/\/www.grandjacquet.fr\/#website"},"primaryImageOfPage":{"@id":"https:\/\/www.grandjacquet.fr\/le-salon-des-vignerons-independants\/#primaryimage"},"image":{"@id":"https:\/\/www.grandjacquet.fr\/le-salon-des-vignerons-independants\/#primaryimage"},"thumbnailUrl":"https:\/\/www.grandjacquet.fr\/wp-content\/uploads\/2022\/03\/strasbourg-salon.jpeg","datePublished":"2022-03-24T14:19:27+00:00","dateModified":"2022-09-14T10:39:23+00:00","description":"Salon des vignerons ind\u00e9pendants, rejoignez-nous \u00e0 Strasbourg au salon des vins des vignerons ind\u00e9pendants du 25 au 28 mars 2022.","breadcrumb":{"@id":"https:\/\/www.grandjacquet.fr\/le-salon-des-vignerons-independants\/#breadcrumb"},"inLanguage":"en-GB","potentialAction":[{"@type":"ReadAction","target":["https:\/\/www.grandjacquet.fr\/le-salon-des-vignerons-independants\/"]}]},{"@type":"ImageObject","inLanguage":"en-GB","@id":"https:\/\/www.grandjacquet.fr\/le-salon-des-vignerons-independants\/#primaryimage","url":"https:\/\/www.grandjacquet.fr\/wp-content\/uploads\/2022\/03\/strasbourg-salon.jpeg","contentUrl":"https:\/\/www.grandjacquet.fr\/wp-content\/uploads\/2022\/03\/strasbourg-salon.jpeg","width":800,"height":640,"caption":"Salon des Vins des Vignerons Ind\u00e9pendants"},{"@type":"BreadcrumbList","@id":"https:\/\/www.grandjacquet.fr\/le-salon-des-vignerons-independants\/#breadcrumb","itemListElement":[{"@type":"ListItem","position":1,"name":"Accueil","item":"https:\/\/www.grandjacquet.fr\/"},{"@type":"ListItem","position":2,"name":"Salon des vignerons ind\u00e9pendants"}]},{"@type":"WebSite","@id":"https:\/\/www.grandjacquet.fr\/#website","url":"https:\/\/www.grandjacquet.fr\/","name":"Grand Jacquet","description":"","publisher":{"@id":"https:\/\/www.grandjacquet.fr\/#organization"},"potentialAction":[{"@type":"SearchAction","target":{"@type":"EntryPoint","urlTemplate":"https:\/\/www.grandjacquet.fr\/?s={search_term_string}"},"query-input":{"@type":"PropertyValueSpecification","valueRequired":true,"valueName":"search_term_string"}}],"inLanguage":"en-GB"},{"@type":"Organization","@id":"https:\/\/www.grandjacquet.fr\/#organization","name":"Domaine du Grand Jacquet","alternateName":"Domaine Grand Jacquet","url":"https:\/\/www.grandjacquet.fr\/","logo":{"@type":"ImageObject","inLanguage":"en-GB","@id":"https:\/\/www.grandjacquet.fr\/#\/schema\/logo\/image\/","url":"https:\/\/www.grandjacquet.fr\/wp-content\/uploads\/2022\/05\/lechene.png","contentUrl":"https:\/\/www.grandjacquet.fr\/wp-content\/uploads\/2022\/05\/lechene.png","width":126,"height":95,"caption":"Domaine du Grand Jacquet"},"image":{"@id":"https:\/\/www.grandjacquet.fr\/#\/schema\/logo\/image\/"},"sameAs":["https:\/\/www.facebook.com\/people\/Domaine-Grand-Jacquet\/100063467950836\/","https:\/\/x.com\/domgrandjacquet","https:\/\/www.instagram.com\/domainegrandjacquet\/?hl=fr"]},{"@type":"Person","@id":"https:\/\/www.grandjacquet.fr\/#\/schema\/person\/d7fded1cffd4741862eaba0bae801305","name":"Grand Jacquet","image":{"@type":"ImageObject","inLanguage":"en-GB","@id":"https:\/\/secure.gravatar.com\/avatar\/47d7d10069d01ca44b74ed5a075490cc32a686c50e3f21399ea3b317e043b670?s=96&d=mm&r=g","url":"https:\/\/secure.gravatar.com\/avatar\/47d7d10069d01ca44b74ed5a075490cc32a686c50e3f21399ea3b317e043b670?s=96&d=mm&r=g","contentUrl":"https:\/\/secure.gravatar.com\/avatar\/47d7d10069d01ca44b74ed5a075490cc32a686c50e3f21399ea3b317e043b670?s=96&d=mm&r=g","caption":"Grand Jacquet"},"sameAs":["http:\/\/www.grandjacquet.fr"]}]}},"_links":{"self":[{"href":"https:\/\/www.grandjacquet.fr\/en\/wp-json\/wp\/v2\/posts\/2232","targetHints":{"allow":["GET"]}}],"collection":[{"href":"https:\/\/www.grandjacquet.fr\/en\/wp-json\/wp\/v2\/posts"}],"about":[{"href":"https:\/\/www.grandjacquet.fr\/en\/wp-json\/wp\/v2\/types\/post"}],"author":[{"embeddable":true,"href":"https:\/\/www.grandjacquet.fr\/en\/wp-json\/wp\/v2\/users\/1"}],"replies":[{"embeddable":true,"href":"https:\/\/www.grandjacquet.fr\/en\/wp-json\/wp\/v2\/comments?post=2232"}],"version-history":[{"count":0,"href":"https:\/\/www.grandjacquet.fr\/en\/wp-json\/wp\/v2\/posts\/2232\/revisions"}],"wp:featuredmedia":[{"embeddable":true,"href":"https:\/\/www.grandjacquet.fr\/en\/wp-json\/wp\/v2\/media\/2234"}],"wp:attachment":[{"href":"https:\/\/www.grandjacquet.fr\/en\/wp-json\/wp\/v2\/media?parent=2232"}],"wp:term":[{"taxonomy":"category","embeddable":true,"href":"https:\/\/www.grandjacquet.fr\/en\/wp-json\/wp\/v2\/categories?post=2232"},{"taxonomy":"post_tag","embeddable":true,"href":"https:\/\/www.grandjacquet.fr\/en\/wp-json\/wp\/v2\/tags?post=2232"}],"curies":[{"name":"wp","href":"https:\/\/api.w.org\/{rel}","templated":true}]}}