{"id":12930,"date":"2023-02-17T13:36:32","date_gmt":"2023-02-17T13:36:32","guid":{"rendered":"https:\/\/www.grandjacquet.fr\/?p=12930"},"modified":"2023-02-17T13:36:34","modified_gmt":"2023-02-17T13:36:34","slug":"salon-vins-france-maconnais","status":"publish","type":"post","link":"https:\/\/www.grandjacquet.fr\/en\/salon-vins-france-maconnais\/","title":{"rendered":"Salon des Vins de France en M\u00e2connais"},"content":{"rendered":"<figure class=\"wp-block-image size-large\"><img fetchpriority=\"high\" decoding=\"async\" width=\"1024\" height=\"1024\" src=\"https:\/\/www.grandjacquet.fr\/wp-content\/uploads\/2023\/02\/12-1024x1024.png\" alt=\"\" class=\"wp-image-12931\" srcset=\"https:\/\/www.grandjacquet.fr\/wp-content\/uploads\/2023\/02\/12-1024x1024.png 1024w, https:\/\/www.grandjacquet.fr\/wp-content\/uploads\/2023\/02\/12-300x300.png 300w, https:\/\/www.grandjacquet.fr\/wp-content\/uploads\/2023\/02\/12-150x150.png 150w, https:\/\/www.grandjacquet.fr\/wp-content\/uploads\/2023\/02\/12-768x768.png 768w, https:\/\/www.grandjacquet.fr\/wp-content\/uploads\/2023\/02\/12-96x96.png 96w, https:\/\/www.grandjacquet.fr\/wp-content\/uploads\/2023\/02\/12-42x42.png 42w, https:\/\/www.grandjacquet.fr\/wp-content\/uploads\/2023\/02\/12-12x12.png 12w, https:\/\/www.grandjacquet.fr\/wp-content\/uploads\/2023\/02\/12-600x600.png 600w, https:\/\/www.grandjacquet.fr\/wp-content\/uploads\/2023\/02\/12-100x100.png 100w, https:\/\/www.grandjacquet.fr\/wp-content\/uploads\/2023\/02\/12.png 1080w\" sizes=\"(max-width: 1024px) 100vw, 1024px\" \/><\/figure>\n\n\n\n<p>As every year, we have the pleasure to go to Charnay-L\u00e8s-M\u00e2con, for our annual meeting: the \"Salon des vins de France en M\u00e2connais\". <\/p>\n\n\n\n<p>Le salon \u00e0 lieu le 10, 11 et 12 Mars 2023, \u00e0 l&rsquo;Espace La Verch\u00e8re, 350 chemin de la Verch\u00e8re, 71850 Charnay-L\u00e8s-M\u00e2con.<\/p>\n\n\n\n<p><\/p>\n\n\n\n<p>Already 20 years that we have an appointment with you, to make you discover our new vintages. We look forward to seeing you again. <\/p>","protected":false},"excerpt":{"rendered":"<p>As every year, we are pleased to head to Charnay-L\u00e8s-M\u00e2con, for our annual meeting: the Salon des Vins de France en M\u00e2connais. The show will take place on March 10, 11 and 12, 2023, at the Espace La Verch\u00e8re, 350 chemin de la Verch\u00e8re, 71850 Charnay-L\u00e8s-M\u00e2con. Already 20 years that...<\/p>","protected":false},"author":5,"featured_media":12932,"comment_status":"open","ping_status":"open","sticky":false,"template":"","format":"standard","meta":{"_kad_post_transparent":"","_kad_post_title":"","_kad_post_layout":"","_kad_post_sidebar_id":"","_kad_post_content_style":"","_kad_post_vertical_padding":"","_kad_post_feature":"","_kad_post_feature_position":"","_kad_post_header":false,"_kad_post_footer":false,"_kad_post_classname":"","footnotes":""},"categories":[13],"tags":[],"class_list":["post-12930","post","type-post","status-publish","format-standard","has-post-thumbnail","hentry","category-les-salons"],"yoast_head":"<!-- This site is optimized with the Yoast SEO plugin v27.4 - https:\/\/yoast.com\/product\/yoast-seo-wordpress\/ -->\n<title>Salon des Vins de France en M\u00e2connais | Grand Jacquet<\/title>\n<meta name=\"description\" content=\"Le salon \u00e0 lieu le 10, 11 et 12 Mars 2023, \u00e0 l&#039;Espace La Verch\u00e8re, 350 chemin de la Verch\u00e8re, 71850 Charnay-L\u00e8s-M\u00e2con.\" \/>\n<meta name=\"robots\" content=\"index, follow, max-snippet:-1, max-image-preview:large, max-video-preview:-1\" \/>\n<link rel=\"canonical\" href=\"https:\/\/www.grandjacquet.fr\/en\/salon-vins-france-maconnais\/\" \/>\n<meta property=\"og:locale\" content=\"en_GB\" \/>\n<meta property=\"og:type\" content=\"article\" \/>\n<meta property=\"og:title\" content=\"Salon des Vins de France en M\u00e2connais | Grand Jacquet\" \/>\n<meta property=\"og:description\" content=\"Le salon \u00e0 lieu le 10, 11 et 12 Mars 2023, \u00e0 l&#039;Espace La Verch\u00e8re, 350 chemin de la Verch\u00e8re, 71850 Charnay-L\u00e8s-M\u00e2con.\" \/>\n<meta property=\"og:url\" content=\"https:\/\/www.grandjacquet.fr\/en\/salon-vins-france-maconnais\/\" \/>\n<meta property=\"og:site_name\" content=\"Grand Jacquet\" \/>\n<meta property=\"article:publisher\" content=\"https:\/\/www.facebook.com\/people\/Domaine-Grand-Jacquet\/100063467950836\/\" \/>\n<meta property=\"article:published_time\" content=\"2023-02-17T13:36:32+00:00\" \/>\n<meta property=\"article:modified_time\" content=\"2023-02-17T13:36:34+00:00\" \/>\n<meta property=\"og:image\" content=\"https:\/\/www.grandjacquet.fr\/wp-content\/uploads\/2023\/02\/macon.png\" \/>\n\t<meta property=\"og:image:width\" content=\"500\" \/>\n\t<meta property=\"og:image:height\" content=\"500\" \/>\n\t<meta property=\"og:image:type\" content=\"image\/png\" \/>\n<meta name=\"author\" content=\"Mathilde Martinet\" \/>\n<meta name=\"twitter:card\" content=\"summary_large_image\" \/>\n<meta name=\"twitter:creator\" content=\"@domgrandjacquet\" \/>\n<meta name=\"twitter:site\" content=\"@domgrandjacquet\" \/>\n<script type=\"application\/ld+json\" class=\"yoast-schema-graph\">{\"@context\":\"https:\\\/\\\/schema.org\",\"@graph\":[{\"@type\":\"Article\",\"@id\":\"https:\\\/\\\/www.grandjacquet.fr\\\/salon-vins-france-maconnais\\\/#article\",\"isPartOf\":{\"@id\":\"https:\\\/\\\/www.grandjacquet.fr\\\/salon-vins-france-maconnais\\\/\"},\"author\":{\"name\":\"Mathilde Martinet\",\"@id\":\"https:\\\/\\\/www.grandjacquet.fr\\\/#\\\/schema\\\/person\\\/0bc9716307dabc1b1e3354305995d361\"},\"headline\":\"Salon des Vins de France en M\u00e2connais\",\"datePublished\":\"2023-02-17T13:36:32+00:00\",\"dateModified\":\"2023-02-17T13:36:34+00:00\",\"mainEntityOfPage\":{\"@id\":\"https:\\\/\\\/www.grandjacquet.fr\\\/salon-vins-france-maconnais\\\/\"},\"wordCount\":81,\"commentCount\":0,\"publisher\":{\"@id\":\"https:\\\/\\\/www.grandjacquet.fr\\\/#organization\"},\"image\":{\"@id\":\"https:\\\/\\\/www.grandjacquet.fr\\\/salon-vins-france-maconnais\\\/#primaryimage\"},\"thumbnailUrl\":\"https:\\\/\\\/www.grandjacquet.fr\\\/wp-content\\\/uploads\\\/2023\\\/02\\\/macon.png\",\"articleSection\":[\"les salons\"],\"inLanguage\":\"en-GB\",\"potentialAction\":[{\"@type\":\"CommentAction\",\"name\":\"Comment\",\"target\":[\"https:\\\/\\\/www.grandjacquet.fr\\\/salon-vins-france-maconnais\\\/#respond\"]}]},{\"@type\":\"WebPage\",\"@id\":\"https:\\\/\\\/www.grandjacquet.fr\\\/salon-vins-france-maconnais\\\/\",\"url\":\"https:\\\/\\\/www.grandjacquet.fr\\\/salon-vins-france-maconnais\\\/\",\"name\":\"Salon des Vins de France en M\u00e2connais | Grand Jacquet\",\"isPartOf\":{\"@id\":\"https:\\\/\\\/www.grandjacquet.fr\\\/#website\"},\"primaryImageOfPage\":{\"@id\":\"https:\\\/\\\/www.grandjacquet.fr\\\/salon-vins-france-maconnais\\\/#primaryimage\"},\"image\":{\"@id\":\"https:\\\/\\\/www.grandjacquet.fr\\\/salon-vins-france-maconnais\\\/#primaryimage\"},\"thumbnailUrl\":\"https:\\\/\\\/www.grandjacquet.fr\\\/wp-content\\\/uploads\\\/2023\\\/02\\\/macon.png\",\"datePublished\":\"2023-02-17T13:36:32+00:00\",\"dateModified\":\"2023-02-17T13:36:34+00:00\",\"description\":\"Le salon \u00e0 lieu le 10, 11 et 12 Mars 2023, \u00e0 l'Espace La Verch\u00e8re, 350 chemin de la Verch\u00e8re, 71850 Charnay-L\u00e8s-M\u00e2con.\",\"breadcrumb\":{\"@id\":\"https:\\\/\\\/www.grandjacquet.fr\\\/salon-vins-france-maconnais\\\/#breadcrumb\"},\"inLanguage\":\"en-GB\",\"potentialAction\":[{\"@type\":\"ReadAction\",\"target\":[\"https:\\\/\\\/www.grandjacquet.fr\\\/salon-vins-france-maconnais\\\/\"]}]},{\"@type\":\"ImageObject\",\"inLanguage\":\"en-GB\",\"@id\":\"https:\\\/\\\/www.grandjacquet.fr\\\/salon-vins-france-maconnais\\\/#primaryimage\",\"url\":\"https:\\\/\\\/www.grandjacquet.fr\\\/wp-content\\\/uploads\\\/2023\\\/02\\\/macon.png\",\"contentUrl\":\"https:\\\/\\\/www.grandjacquet.fr\\\/wp-content\\\/uploads\\\/2023\\\/02\\\/macon.png\",\"width\":500,\"height\":500,\"caption\":\"Salon des vins de France \u00e0 Charnay-l\u00e8s-M\u00e2con\"},{\"@type\":\"BreadcrumbList\",\"@id\":\"https:\\\/\\\/www.grandjacquet.fr\\\/salon-vins-france-maconnais\\\/#breadcrumb\",\"itemListElement\":[{\"@type\":\"ListItem\",\"position\":1,\"name\":\"Accueil\",\"item\":\"https:\\\/\\\/www.grandjacquet.fr\\\/\"},{\"@type\":\"ListItem\",\"position\":2,\"name\":\"Salon des Vins de France en M\u00e2connais\"}]},{\"@type\":\"WebSite\",\"@id\":\"https:\\\/\\\/www.grandjacquet.fr\\\/#website\",\"url\":\"https:\\\/\\\/www.grandjacquet.fr\\\/\",\"name\":\"Grand Jacquet\",\"description\":\"\",\"publisher\":{\"@id\":\"https:\\\/\\\/www.grandjacquet.fr\\\/#organization\"},\"potentialAction\":[{\"@type\":\"SearchAction\",\"target\":{\"@type\":\"EntryPoint\",\"urlTemplate\":\"https:\\\/\\\/www.grandjacquet.fr\\\/?s={search_term_string}\"},\"query-input\":{\"@type\":\"PropertyValueSpecification\",\"valueRequired\":true,\"valueName\":\"search_term_string\"}}],\"inLanguage\":\"en-GB\"},{\"@type\":\"Organization\",\"@id\":\"https:\\\/\\\/www.grandjacquet.fr\\\/#organization\",\"name\":\"Domaine du Grand Jacquet\",\"alternateName\":\"Domaine Grand Jacquet\",\"url\":\"https:\\\/\\\/www.grandjacquet.fr\\\/\",\"logo\":{\"@type\":\"ImageObject\",\"inLanguage\":\"en-GB\",\"@id\":\"https:\\\/\\\/www.grandjacquet.fr\\\/#\\\/schema\\\/logo\\\/image\\\/\",\"url\":\"https:\\\/\\\/www.grandjacquet.fr\\\/wp-content\\\/uploads\\\/2022\\\/05\\\/lechene.png\",\"contentUrl\":\"https:\\\/\\\/www.grandjacquet.fr\\\/wp-content\\\/uploads\\\/2022\\\/05\\\/lechene.png\",\"width\":126,\"height\":95,\"caption\":\"Domaine du Grand Jacquet\"},\"image\":{\"@id\":\"https:\\\/\\\/www.grandjacquet.fr\\\/#\\\/schema\\\/logo\\\/image\\\/\"},\"sameAs\":[\"https:\\\/\\\/www.facebook.com\\\/people\\\/Domaine-Grand-Jacquet\\\/100063467950836\\\/\",\"https:\\\/\\\/x.com\\\/domgrandjacquet\",\"https:\\\/\\\/www.instagram.com\\\/domainegrandjacquet\\\/?hl=fr\"]},{\"@type\":\"Person\",\"@id\":\"https:\\\/\\\/www.grandjacquet.fr\\\/#\\\/schema\\\/person\\\/0bc9716307dabc1b1e3354305995d361\",\"name\":\"Mathilde Martinet\",\"image\":{\"@type\":\"ImageObject\",\"inLanguage\":\"en-GB\",\"@id\":\"https:\\\/\\\/secure.gravatar.com\\\/avatar\\\/0790ccd31cc100300bfd09122924913427a79885e79bf4d04b20030a312c2757?s=96&d=mm&r=g\",\"url\":\"https:\\\/\\\/secure.gravatar.com\\\/avatar\\\/0790ccd31cc100300bfd09122924913427a79885e79bf4d04b20030a312c2757?s=96&d=mm&r=g\",\"contentUrl\":\"https:\\\/\\\/secure.gravatar.com\\\/avatar\\\/0790ccd31cc100300bfd09122924913427a79885e79bf4d04b20030a312c2757?s=96&d=mm&r=g\",\"caption\":\"Mathilde Martinet\"}}]}<\/script>\n<!-- \/ Yoast SEO plugin. -->","yoast_head_json":{"title":"Salon des Vins de France en M\u00e2connais | Grand Jacquet","description":"Le salon \u00e0 lieu le 10, 11 et 12 Mars 2023, \u00e0 l'Espace La Verch\u00e8re, 350 chemin de la Verch\u00e8re, 71850 Charnay-L\u00e8s-M\u00e2con.","robots":{"index":"index","follow":"follow","max-snippet":"max-snippet:-1","max-image-preview":"max-image-preview:large","max-video-preview":"max-video-preview:-1"},"canonical":"https:\/\/www.grandjacquet.fr\/en\/salon-vins-france-maconnais\/","og_locale":"en_GB","og_type":"article","og_title":"Salon des Vins de France en M\u00e2connais | Grand Jacquet","og_description":"Le salon \u00e0 lieu le 10, 11 et 12 Mars 2023, \u00e0 l'Espace La Verch\u00e8re, 350 chemin de la Verch\u00e8re, 71850 Charnay-L\u00e8s-M\u00e2con.","og_url":"https:\/\/www.grandjacquet.fr\/en\/salon-vins-france-maconnais\/","og_site_name":"Grand Jacquet","article_publisher":"https:\/\/www.facebook.com\/people\/Domaine-Grand-Jacquet\/100063467950836\/","article_published_time":"2023-02-17T13:36:32+00:00","article_modified_time":"2023-02-17T13:36:34+00:00","og_image":[{"width":500,"height":500,"url":"https:\/\/www.grandjacquet.fr\/wp-content\/uploads\/2023\/02\/macon.png","type":"image\/png"}],"author":"Mathilde Martinet","twitter_card":"summary_large_image","twitter_creator":"@domgrandjacquet","twitter_site":"@domgrandjacquet","schema":{"@context":"https:\/\/schema.org","@graph":[{"@type":"Article","@id":"https:\/\/www.grandjacquet.fr\/salon-vins-france-maconnais\/#article","isPartOf":{"@id":"https:\/\/www.grandjacquet.fr\/salon-vins-france-maconnais\/"},"author":{"name":"Mathilde Martinet","@id":"https:\/\/www.grandjacquet.fr\/#\/schema\/person\/0bc9716307dabc1b1e3354305995d361"},"headline":"Salon des Vins de France en M\u00e2connais","datePublished":"2023-02-17T13:36:32+00:00","dateModified":"2023-02-17T13:36:34+00:00","mainEntityOfPage":{"@id":"https:\/\/www.grandjacquet.fr\/salon-vins-france-maconnais\/"},"wordCount":81,"commentCount":0,"publisher":{"@id":"https:\/\/www.grandjacquet.fr\/#organization"},"image":{"@id":"https:\/\/www.grandjacquet.fr\/salon-vins-france-maconnais\/#primaryimage"},"thumbnailUrl":"https:\/\/www.grandjacquet.fr\/wp-content\/uploads\/2023\/02\/macon.png","articleSection":["les salons"],"inLanguage":"en-GB","potentialAction":[{"@type":"CommentAction","name":"Comment","target":["https:\/\/www.grandjacquet.fr\/salon-vins-france-maconnais\/#respond"]}]},{"@type":"WebPage","@id":"https:\/\/www.grandjacquet.fr\/salon-vins-france-maconnais\/","url":"https:\/\/www.grandjacquet.fr\/salon-vins-france-maconnais\/","name":"Salon des Vins de France en M\u00e2connais | Grand Jacquet","isPartOf":{"@id":"https:\/\/www.grandjacquet.fr\/#website"},"primaryImageOfPage":{"@id":"https:\/\/www.grandjacquet.fr\/salon-vins-france-maconnais\/#primaryimage"},"image":{"@id":"https:\/\/www.grandjacquet.fr\/salon-vins-france-maconnais\/#primaryimage"},"thumbnailUrl":"https:\/\/www.grandjacquet.fr\/wp-content\/uploads\/2023\/02\/macon.png","datePublished":"2023-02-17T13:36:32+00:00","dateModified":"2023-02-17T13:36:34+00:00","description":"Le salon \u00e0 lieu le 10, 11 et 12 Mars 2023, \u00e0 l'Espace La Verch\u00e8re, 350 chemin de la Verch\u00e8re, 71850 Charnay-L\u00e8s-M\u00e2con.","breadcrumb":{"@id":"https:\/\/www.grandjacquet.fr\/salon-vins-france-maconnais\/#breadcrumb"},"inLanguage":"en-GB","potentialAction":[{"@type":"ReadAction","target":["https:\/\/www.grandjacquet.fr\/salon-vins-france-maconnais\/"]}]},{"@type":"ImageObject","inLanguage":"en-GB","@id":"https:\/\/www.grandjacquet.fr\/salon-vins-france-maconnais\/#primaryimage","url":"https:\/\/www.grandjacquet.fr\/wp-content\/uploads\/2023\/02\/macon.png","contentUrl":"https:\/\/www.grandjacquet.fr\/wp-content\/uploads\/2023\/02\/macon.png","width":500,"height":500,"caption":"Salon des vins de France \u00e0 Charnay-l\u00e8s-M\u00e2con"},{"@type":"BreadcrumbList","@id":"https:\/\/www.grandjacquet.fr\/salon-vins-france-maconnais\/#breadcrumb","itemListElement":[{"@type":"ListItem","position":1,"name":"Accueil","item":"https:\/\/www.grandjacquet.fr\/"},{"@type":"ListItem","position":2,"name":"Salon des Vins de France en M\u00e2connais"}]},{"@type":"WebSite","@id":"https:\/\/www.grandjacquet.fr\/#website","url":"https:\/\/www.grandjacquet.fr\/","name":"Grand Jacquet","description":"","publisher":{"@id":"https:\/\/www.grandjacquet.fr\/#organization"},"potentialAction":[{"@type":"SearchAction","target":{"@type":"EntryPoint","urlTemplate":"https:\/\/www.grandjacquet.fr\/?s={search_term_string}"},"query-input":{"@type":"PropertyValueSpecification","valueRequired":true,"valueName":"search_term_string"}}],"inLanguage":"en-GB"},{"@type":"Organization","@id":"https:\/\/www.grandjacquet.fr\/#organization","name":"Domaine du Grand Jacquet","alternateName":"Domaine Grand Jacquet","url":"https:\/\/www.grandjacquet.fr\/","logo":{"@type":"ImageObject","inLanguage":"en-GB","@id":"https:\/\/www.grandjacquet.fr\/#\/schema\/logo\/image\/","url":"https:\/\/www.grandjacquet.fr\/wp-content\/uploads\/2022\/05\/lechene.png","contentUrl":"https:\/\/www.grandjacquet.fr\/wp-content\/uploads\/2022\/05\/lechene.png","width":126,"height":95,"caption":"Domaine du Grand Jacquet"},"image":{"@id":"https:\/\/www.grandjacquet.fr\/#\/schema\/logo\/image\/"},"sameAs":["https:\/\/www.facebook.com\/people\/Domaine-Grand-Jacquet\/100063467950836\/","https:\/\/x.com\/domgrandjacquet","https:\/\/www.instagram.com\/domainegrandjacquet\/?hl=fr"]},{"@type":"Person","@id":"https:\/\/www.grandjacquet.fr\/#\/schema\/person\/0bc9716307dabc1b1e3354305995d361","name":"Mathilde Martinet","image":{"@type":"ImageObject","inLanguage":"en-GB","@id":"https:\/\/secure.gravatar.com\/avatar\/0790ccd31cc100300bfd09122924913427a79885e79bf4d04b20030a312c2757?s=96&d=mm&r=g","url":"https:\/\/secure.gravatar.com\/avatar\/0790ccd31cc100300bfd09122924913427a79885e79bf4d04b20030a312c2757?s=96&d=mm&r=g","contentUrl":"https:\/\/secure.gravatar.com\/avatar\/0790ccd31cc100300bfd09122924913427a79885e79bf4d04b20030a312c2757?s=96&d=mm&r=g","caption":"Mathilde Martinet"}}]}},"_links":{"self":[{"href":"https:\/\/www.grandjacquet.fr\/en\/wp-json\/wp\/v2\/posts\/12930","targetHints":{"allow":["GET"]}}],"collection":[{"href":"https:\/\/www.grandjacquet.fr\/en\/wp-json\/wp\/v2\/posts"}],"about":[{"href":"https:\/\/www.grandjacquet.fr\/en\/wp-json\/wp\/v2\/types\/post"}],"author":[{"embeddable":true,"href":"https:\/\/www.grandjacquet.fr\/en\/wp-json\/wp\/v2\/users\/5"}],"replies":[{"embeddable":true,"href":"https:\/\/www.grandjacquet.fr\/en\/wp-json\/wp\/v2\/comments?post=12930"}],"version-history":[{"count":0,"href":"https:\/\/www.grandjacquet.fr\/en\/wp-json\/wp\/v2\/posts\/12930\/revisions"}],"wp:featuredmedia":[{"embeddable":true,"href":"https:\/\/www.grandjacquet.fr\/en\/wp-json\/wp\/v2\/media\/12932"}],"wp:attachment":[{"href":"https:\/\/www.grandjacquet.fr\/en\/wp-json\/wp\/v2\/media?parent=12930"}],"wp:term":[{"taxonomy":"category","embeddable":true,"href":"https:\/\/www.grandjacquet.fr\/en\/wp-json\/wp\/v2\/categories?post=12930"},{"taxonomy":"post_tag","embeddable":true,"href":"https:\/\/www.grandjacquet.fr\/en\/wp-json\/wp\/v2\/tags?post=12930"}],"curies":[{"name":"wp","href":"https:\/\/api.w.org\/{rel}","templated":true}]}}