{"id":10363,"date":"2022-11-09T16:39:53","date_gmt":"2022-11-09T16:39:53","guid":{"rendered":"https:\/\/www.grandjacquet.fr\/?p=10363"},"modified":"2022-11-09T16:42:52","modified_gmt":"2022-11-09T16:42:52","slug":"journees-portes-ouvertes","status":"publish","type":"post","link":"https:\/\/www.grandjacquet.fr\/en\/journees-portes-ouvertes\/","title":{"rendered":"Journ\u00e9es portes ouvertes Autrement Dit Vins"},"content":{"rendered":"<div class=\"wp-block-image\">\n<figure class=\"aligncenter size-large is-resized\"><img fetchpriority=\"high\" decoding=\"async\" src=\"https:\/\/www.grandjacquet.fr\/wp-content\/uploads\/2022\/11\/JPO-Autrement-dit-vins-1024x1024.png\" alt=\"Journ\u00e9es portes ouvertes Autrement Dit Vins\" class=\"wp-image-10364\" width=\"541\" height=\"541\" srcset=\"https:\/\/www.grandjacquet.fr\/wp-content\/uploads\/2022\/11\/JPO-Autrement-dit-vins-1024x1024.png 1024w, https:\/\/www.grandjacquet.fr\/wp-content\/uploads\/2022\/11\/JPO-Autrement-dit-vins-300x300.png 300w, https:\/\/www.grandjacquet.fr\/wp-content\/uploads\/2022\/11\/JPO-Autrement-dit-vins-150x150.png 150w, https:\/\/www.grandjacquet.fr\/wp-content\/uploads\/2022\/11\/JPO-Autrement-dit-vins-768x768.png 768w, https:\/\/www.grandjacquet.fr\/wp-content\/uploads\/2022\/11\/JPO-Autrement-dit-vins-96x96.png 96w, https:\/\/www.grandjacquet.fr\/wp-content\/uploads\/2022\/11\/JPO-Autrement-dit-vins-42x42.png 42w, https:\/\/www.grandjacquet.fr\/wp-content\/uploads\/2022\/11\/JPO-Autrement-dit-vins-12x12.png 12w, https:\/\/www.grandjacquet.fr\/wp-content\/uploads\/2022\/11\/JPO-Autrement-dit-vins-600x600.png 600w, https:\/\/www.grandjacquet.fr\/wp-content\/uploads\/2022\/11\/JPO-Autrement-dit-vins-100x100.png 100w, https:\/\/www.grandjacquet.fr\/wp-content\/uploads\/2022\/11\/JPO-Autrement-dit-vins.png 1080w\" sizes=\"(max-width: 541px) 100vw, 541px\" \/><\/figure>\n<\/div>\n\n\n<p>Meet us on November 19 and 20, 2022 at<a href=\"https:\/\/www.autrementditvins.be\/\" target=\"_blank\" rel=\"noreferrer noopener\">Autrement Dit Vins<\/a> from 11am to 7pm, with the presence of several estates. It is the moment to meet, taste our wines and discover the domain in a friendly, shared and passionate atmosphere.<\/p>\n\n\n\n<p>At the depot, route de la Navinne 169 B, 5020 Malonne. Catering provided by Beno\u00eet Van den Branden of the Guinguette Mobile.<\/p>\n\n\n\n<p><\/p>","protected":false},"excerpt":{"rendered":"<p>Meet us on November 19 and 20, 2022 at the Autrement Dit Vins open days from 11am to 7pm, with the presence of several estates. It's the time to meet, taste our wines and discover the domain in a friendly, shared and passionate atmosphere. At the warehouse, route de la Navinne...<\/p>","protected":false},"author":5,"featured_media":10367,"comment_status":"open","ping_status":"open","sticky":false,"template":"","format":"standard","meta":{"_kad_post_transparent":"","_kad_post_title":"","_kad_post_layout":"","_kad_post_sidebar_id":"","_kad_post_content_style":"","_kad_post_vertical_padding":"","_kad_post_feature":"","_kad_post_feature_position":"","_kad_post_header":false,"_kad_post_footer":false,"_kad_post_classname":"","footnotes":""},"categories":[12],"tags":[],"class_list":["post-10363","post","type-post","status-publish","format-standard","has-post-thumbnail","hentry","category-les-evenements"],"yoast_head":"<!-- This site is optimized with the Yoast SEO plugin v27.5 - https:\/\/yoast.com\/product\/yoast-seo-wordpress\/ -->\n<title>Journ\u00e9es portes ouvertes Autrement Dit Vins | Grand Jacquet<\/title>\n<meta name=\"description\" content=\"Retrouvez-nous le 19 et 20 novembre 2022 aux journ\u00e9es portes ouvertes d&#039;Autrement Dit Vins. Venez d\u00e9guster nos vins dans la convivialit\u00e9.\" \/>\n<meta name=\"robots\" content=\"index, follow, max-snippet:-1, max-image-preview:large, max-video-preview:-1\" \/>\n<link rel=\"canonical\" href=\"https:\/\/www.grandjacquet.fr\/en\/journees-portes-ouvertes\/\" \/>\n<meta property=\"og:locale\" content=\"en_GB\" \/>\n<meta property=\"og:type\" content=\"article\" \/>\n<meta property=\"og:title\" content=\"Journ\u00e9es portes ouvertes Autrement Dit Vins | Grand Jacquet\" \/>\n<meta property=\"og:description\" content=\"Retrouvez-nous le 19 et 20 novembre 2022 aux journ\u00e9es portes ouvertes d&#039;Autrement Dit Vins. Venez d\u00e9guster nos vins dans la convivialit\u00e9.\" \/>\n<meta property=\"og:url\" content=\"https:\/\/www.grandjacquet.fr\/en\/journees-portes-ouvertes\/\" \/>\n<meta property=\"og:site_name\" content=\"Grand Jacquet\" \/>\n<meta property=\"article:publisher\" content=\"https:\/\/www.facebook.com\/people\/Domaine-Grand-Jacquet\/100063467950836\/\" \/>\n<meta property=\"article:published_time\" content=\"2022-11-09T16:39:53+00:00\" \/>\n<meta property=\"article:modified_time\" content=\"2022-11-09T16:42:52+00:00\" \/>\n<meta property=\"og:image\" content=\"https:\/\/www.grandjacquet.fr\/wp-content\/uploads\/2022\/11\/Design-sans-titre.png\" \/>\n\t<meta property=\"og:image:width\" content=\"500\" \/>\n\t<meta property=\"og:image:height\" content=\"500\" \/>\n\t<meta property=\"og:image:type\" content=\"image\/png\" \/>\n<meta name=\"author\" content=\"Mathilde Martinet\" \/>\n<meta name=\"twitter:card\" content=\"summary_large_image\" \/>\n<meta name=\"twitter:creator\" content=\"@domgrandjacquet\" \/>\n<meta name=\"twitter:site\" content=\"@domgrandjacquet\" \/>\n<script type=\"application\/ld+json\" class=\"yoast-schema-graph\">{\"@context\":\"https:\\\/\\\/schema.org\",\"@graph\":[{\"@type\":\"Article\",\"@id\":\"https:\\\/\\\/www.grandjacquet.fr\\\/journees-portes-ouvertes\\\/#article\",\"isPartOf\":{\"@id\":\"https:\\\/\\\/www.grandjacquet.fr\\\/journees-portes-ouvertes\\\/\"},\"author\":{\"name\":\"Mathilde Martinet\",\"@id\":\"https:\\\/\\\/www.grandjacquet.fr\\\/#\\\/schema\\\/person\\\/0bc9716307dabc1b1e3354305995d361\"},\"headline\":\"Journ\u00e9es portes ouvertes Autrement Dit Vins\",\"datePublished\":\"2022-11-09T16:39:53+00:00\",\"dateModified\":\"2022-11-09T16:42:52+00:00\",\"mainEntityOfPage\":{\"@id\":\"https:\\\/\\\/www.grandjacquet.fr\\\/journees-portes-ouvertes\\\/\"},\"wordCount\":79,\"commentCount\":0,\"publisher\":{\"@id\":\"https:\\\/\\\/www.grandjacquet.fr\\\/#organization\"},\"image\":{\"@id\":\"https:\\\/\\\/www.grandjacquet.fr\\\/journees-portes-ouvertes\\\/#primaryimage\"},\"thumbnailUrl\":\"https:\\\/\\\/www.grandjacquet.fr\\\/wp-content\\\/uploads\\\/2022\\\/11\\\/Design-sans-titre-e1668012796819.png\",\"articleSection\":[\"les \u00e9v\u00e9nements\"],\"inLanguage\":\"en-GB\",\"potentialAction\":[{\"@type\":\"CommentAction\",\"name\":\"Comment\",\"target\":[\"https:\\\/\\\/www.grandjacquet.fr\\\/journees-portes-ouvertes\\\/#respond\"]}]},{\"@type\":\"WebPage\",\"@id\":\"https:\\\/\\\/www.grandjacquet.fr\\\/journees-portes-ouvertes\\\/\",\"url\":\"https:\\\/\\\/www.grandjacquet.fr\\\/journees-portes-ouvertes\\\/\",\"name\":\"Journ\u00e9es portes ouvertes Autrement Dit Vins | Grand Jacquet\",\"isPartOf\":{\"@id\":\"https:\\\/\\\/www.grandjacquet.fr\\\/#website\"},\"primaryImageOfPage\":{\"@id\":\"https:\\\/\\\/www.grandjacquet.fr\\\/journees-portes-ouvertes\\\/#primaryimage\"},\"image\":{\"@id\":\"https:\\\/\\\/www.grandjacquet.fr\\\/journees-portes-ouvertes\\\/#primaryimage\"},\"thumbnailUrl\":\"https:\\\/\\\/www.grandjacquet.fr\\\/wp-content\\\/uploads\\\/2022\\\/11\\\/Design-sans-titre-e1668012796819.png\",\"datePublished\":\"2022-11-09T16:39:53+00:00\",\"dateModified\":\"2022-11-09T16:42:52+00:00\",\"description\":\"Retrouvez-nous le 19 et 20 novembre 2022 aux journ\u00e9es portes ouvertes d'Autrement Dit Vins. Venez d\u00e9guster nos vins dans la convivialit\u00e9.\",\"breadcrumb\":{\"@id\":\"https:\\\/\\\/www.grandjacquet.fr\\\/journees-portes-ouvertes\\\/#breadcrumb\"},\"inLanguage\":\"en-GB\",\"potentialAction\":[{\"@type\":\"ReadAction\",\"target\":[\"https:\\\/\\\/www.grandjacquet.fr\\\/journees-portes-ouvertes\\\/\"]}]},{\"@type\":\"ImageObject\",\"inLanguage\":\"en-GB\",\"@id\":\"https:\\\/\\\/www.grandjacquet.fr\\\/journees-portes-ouvertes\\\/#primaryimage\",\"url\":\"https:\\\/\\\/www.grandjacquet.fr\\\/wp-content\\\/uploads\\\/2022\\\/11\\\/Design-sans-titre-e1668012796819.png\",\"contentUrl\":\"https:\\\/\\\/www.grandjacquet.fr\\\/wp-content\\\/uploads\\\/2022\\\/11\\\/Design-sans-titre-e1668012796819.png\",\"width\":500,\"height\":500},{\"@type\":\"BreadcrumbList\",\"@id\":\"https:\\\/\\\/www.grandjacquet.fr\\\/journees-portes-ouvertes\\\/#breadcrumb\",\"itemListElement\":[{\"@type\":\"ListItem\",\"position\":1,\"name\":\"Accueil\",\"item\":\"https:\\\/\\\/www.grandjacquet.fr\\\/\"},{\"@type\":\"ListItem\",\"position\":2,\"name\":\"Journ\u00e9es portes ouvertes Autrement Dit Vins\"}]},{\"@type\":\"WebSite\",\"@id\":\"https:\\\/\\\/www.grandjacquet.fr\\\/#website\",\"url\":\"https:\\\/\\\/www.grandjacquet.fr\\\/\",\"name\":\"Grand Jacquet\",\"description\":\"\",\"publisher\":{\"@id\":\"https:\\\/\\\/www.grandjacquet.fr\\\/#organization\"},\"potentialAction\":[{\"@type\":\"SearchAction\",\"target\":{\"@type\":\"EntryPoint\",\"urlTemplate\":\"https:\\\/\\\/www.grandjacquet.fr\\\/?s={search_term_string}\"},\"query-input\":{\"@type\":\"PropertyValueSpecification\",\"valueRequired\":true,\"valueName\":\"search_term_string\"}}],\"inLanguage\":\"en-GB\"},{\"@type\":\"Organization\",\"@id\":\"https:\\\/\\\/www.grandjacquet.fr\\\/#organization\",\"name\":\"Domaine du Grand Jacquet\",\"alternateName\":\"Domaine Grand Jacquet\",\"url\":\"https:\\\/\\\/www.grandjacquet.fr\\\/\",\"logo\":{\"@type\":\"ImageObject\",\"inLanguage\":\"en-GB\",\"@id\":\"https:\\\/\\\/www.grandjacquet.fr\\\/#\\\/schema\\\/logo\\\/image\\\/\",\"url\":\"https:\\\/\\\/www.grandjacquet.fr\\\/wp-content\\\/uploads\\\/2022\\\/05\\\/lechene.png\",\"contentUrl\":\"https:\\\/\\\/www.grandjacquet.fr\\\/wp-content\\\/uploads\\\/2022\\\/05\\\/lechene.png\",\"width\":126,\"height\":95,\"caption\":\"Domaine du Grand Jacquet\"},\"image\":{\"@id\":\"https:\\\/\\\/www.grandjacquet.fr\\\/#\\\/schema\\\/logo\\\/image\\\/\"},\"sameAs\":[\"https:\\\/\\\/www.facebook.com\\\/people\\\/Domaine-Grand-Jacquet\\\/100063467950836\\\/\",\"https:\\\/\\\/x.com\\\/domgrandjacquet\",\"https:\\\/\\\/www.instagram.com\\\/domainegrandjacquet\\\/?hl=fr\"]},{\"@type\":\"Person\",\"@id\":\"https:\\\/\\\/www.grandjacquet.fr\\\/#\\\/schema\\\/person\\\/0bc9716307dabc1b1e3354305995d361\",\"name\":\"Mathilde Martinet\",\"image\":{\"@type\":\"ImageObject\",\"inLanguage\":\"en-GB\",\"@id\":\"https:\\\/\\\/secure.gravatar.com\\\/avatar\\\/0790ccd31cc100300bfd09122924913427a79885e79bf4d04b20030a312c2757?s=96&d=mm&r=g\",\"url\":\"https:\\\/\\\/secure.gravatar.com\\\/avatar\\\/0790ccd31cc100300bfd09122924913427a79885e79bf4d04b20030a312c2757?s=96&d=mm&r=g\",\"contentUrl\":\"https:\\\/\\\/secure.gravatar.com\\\/avatar\\\/0790ccd31cc100300bfd09122924913427a79885e79bf4d04b20030a312c2757?s=96&d=mm&r=g\",\"caption\":\"Mathilde Martinet\"}}]}<\/script>\n<!-- \/ Yoast SEO plugin. -->","yoast_head_json":{"title":"Journ\u00e9es portes ouvertes Autrement Dit Vins | Grand Jacquet","description":"Retrouvez-nous le 19 et 20 novembre 2022 aux journ\u00e9es portes ouvertes d'Autrement Dit Vins. Venez d\u00e9guster nos vins dans la convivialit\u00e9.","robots":{"index":"index","follow":"follow","max-snippet":"max-snippet:-1","max-image-preview":"max-image-preview:large","max-video-preview":"max-video-preview:-1"},"canonical":"https:\/\/www.grandjacquet.fr\/en\/journees-portes-ouvertes\/","og_locale":"en_GB","og_type":"article","og_title":"Journ\u00e9es portes ouvertes Autrement Dit Vins | Grand Jacquet","og_description":"Retrouvez-nous le 19 et 20 novembre 2022 aux journ\u00e9es portes ouvertes d'Autrement Dit Vins. Venez d\u00e9guster nos vins dans la convivialit\u00e9.","og_url":"https:\/\/www.grandjacquet.fr\/en\/journees-portes-ouvertes\/","og_site_name":"Grand Jacquet","article_publisher":"https:\/\/www.facebook.com\/people\/Domaine-Grand-Jacquet\/100063467950836\/","article_published_time":"2022-11-09T16:39:53+00:00","article_modified_time":"2022-11-09T16:42:52+00:00","og_image":[{"width":500,"height":500,"url":"https:\/\/www.grandjacquet.fr\/wp-content\/uploads\/2022\/11\/Design-sans-titre.png","type":"image\/png"}],"author":"Mathilde Martinet","twitter_card":"summary_large_image","twitter_creator":"@domgrandjacquet","twitter_site":"@domgrandjacquet","schema":{"@context":"https:\/\/schema.org","@graph":[{"@type":"Article","@id":"https:\/\/www.grandjacquet.fr\/journees-portes-ouvertes\/#article","isPartOf":{"@id":"https:\/\/www.grandjacquet.fr\/journees-portes-ouvertes\/"},"author":{"name":"Mathilde Martinet","@id":"https:\/\/www.grandjacquet.fr\/#\/schema\/person\/0bc9716307dabc1b1e3354305995d361"},"headline":"Journ\u00e9es portes ouvertes Autrement Dit Vins","datePublished":"2022-11-09T16:39:53+00:00","dateModified":"2022-11-09T16:42:52+00:00","mainEntityOfPage":{"@id":"https:\/\/www.grandjacquet.fr\/journees-portes-ouvertes\/"},"wordCount":79,"commentCount":0,"publisher":{"@id":"https:\/\/www.grandjacquet.fr\/#organization"},"image":{"@id":"https:\/\/www.grandjacquet.fr\/journees-portes-ouvertes\/#primaryimage"},"thumbnailUrl":"https:\/\/www.grandjacquet.fr\/wp-content\/uploads\/2022\/11\/Design-sans-titre-e1668012796819.png","articleSection":["les \u00e9v\u00e9nements"],"inLanguage":"en-GB","potentialAction":[{"@type":"CommentAction","name":"Comment","target":["https:\/\/www.grandjacquet.fr\/journees-portes-ouvertes\/#respond"]}]},{"@type":"WebPage","@id":"https:\/\/www.grandjacquet.fr\/journees-portes-ouvertes\/","url":"https:\/\/www.grandjacquet.fr\/journees-portes-ouvertes\/","name":"Journ\u00e9es portes ouvertes Autrement Dit Vins | Grand Jacquet","isPartOf":{"@id":"https:\/\/www.grandjacquet.fr\/#website"},"primaryImageOfPage":{"@id":"https:\/\/www.grandjacquet.fr\/journees-portes-ouvertes\/#primaryimage"},"image":{"@id":"https:\/\/www.grandjacquet.fr\/journees-portes-ouvertes\/#primaryimage"},"thumbnailUrl":"https:\/\/www.grandjacquet.fr\/wp-content\/uploads\/2022\/11\/Design-sans-titre-e1668012796819.png","datePublished":"2022-11-09T16:39:53+00:00","dateModified":"2022-11-09T16:42:52+00:00","description":"Retrouvez-nous le 19 et 20 novembre 2022 aux journ\u00e9es portes ouvertes d'Autrement Dit Vins. Venez d\u00e9guster nos vins dans la convivialit\u00e9.","breadcrumb":{"@id":"https:\/\/www.grandjacquet.fr\/journees-portes-ouvertes\/#breadcrumb"},"inLanguage":"en-GB","potentialAction":[{"@type":"ReadAction","target":["https:\/\/www.grandjacquet.fr\/journees-portes-ouvertes\/"]}]},{"@type":"ImageObject","inLanguage":"en-GB","@id":"https:\/\/www.grandjacquet.fr\/journees-portes-ouvertes\/#primaryimage","url":"https:\/\/www.grandjacquet.fr\/wp-content\/uploads\/2022\/11\/Design-sans-titre-e1668012796819.png","contentUrl":"https:\/\/www.grandjacquet.fr\/wp-content\/uploads\/2022\/11\/Design-sans-titre-e1668012796819.png","width":500,"height":500},{"@type":"BreadcrumbList","@id":"https:\/\/www.grandjacquet.fr\/journees-portes-ouvertes\/#breadcrumb","itemListElement":[{"@type":"ListItem","position":1,"name":"Accueil","item":"https:\/\/www.grandjacquet.fr\/"},{"@type":"ListItem","position":2,"name":"Journ\u00e9es portes ouvertes Autrement Dit Vins"}]},{"@type":"WebSite","@id":"https:\/\/www.grandjacquet.fr\/#website","url":"https:\/\/www.grandjacquet.fr\/","name":"Grand Jacquet","description":"","publisher":{"@id":"https:\/\/www.grandjacquet.fr\/#organization"},"potentialAction":[{"@type":"SearchAction","target":{"@type":"EntryPoint","urlTemplate":"https:\/\/www.grandjacquet.fr\/?s={search_term_string}"},"query-input":{"@type":"PropertyValueSpecification","valueRequired":true,"valueName":"search_term_string"}}],"inLanguage":"en-GB"},{"@type":"Organization","@id":"https:\/\/www.grandjacquet.fr\/#organization","name":"Domaine du Grand Jacquet","alternateName":"Domaine Grand Jacquet","url":"https:\/\/www.grandjacquet.fr\/","logo":{"@type":"ImageObject","inLanguage":"en-GB","@id":"https:\/\/www.grandjacquet.fr\/#\/schema\/logo\/image\/","url":"https:\/\/www.grandjacquet.fr\/wp-content\/uploads\/2022\/05\/lechene.png","contentUrl":"https:\/\/www.grandjacquet.fr\/wp-content\/uploads\/2022\/05\/lechene.png","width":126,"height":95,"caption":"Domaine du Grand Jacquet"},"image":{"@id":"https:\/\/www.grandjacquet.fr\/#\/schema\/logo\/image\/"},"sameAs":["https:\/\/www.facebook.com\/people\/Domaine-Grand-Jacquet\/100063467950836\/","https:\/\/x.com\/domgrandjacquet","https:\/\/www.instagram.com\/domainegrandjacquet\/?hl=fr"]},{"@type":"Person","@id":"https:\/\/www.grandjacquet.fr\/#\/schema\/person\/0bc9716307dabc1b1e3354305995d361","name":"Mathilde Martinet","image":{"@type":"ImageObject","inLanguage":"en-GB","@id":"https:\/\/secure.gravatar.com\/avatar\/0790ccd31cc100300bfd09122924913427a79885e79bf4d04b20030a312c2757?s=96&d=mm&r=g","url":"https:\/\/secure.gravatar.com\/avatar\/0790ccd31cc100300bfd09122924913427a79885e79bf4d04b20030a312c2757?s=96&d=mm&r=g","contentUrl":"https:\/\/secure.gravatar.com\/avatar\/0790ccd31cc100300bfd09122924913427a79885e79bf4d04b20030a312c2757?s=96&d=mm&r=g","caption":"Mathilde Martinet"}}]}},"_links":{"self":[{"href":"https:\/\/www.grandjacquet.fr\/en\/wp-json\/wp\/v2\/posts\/10363","targetHints":{"allow":["GET"]}}],"collection":[{"href":"https:\/\/www.grandjacquet.fr\/en\/wp-json\/wp\/v2\/posts"}],"about":[{"href":"https:\/\/www.grandjacquet.fr\/en\/wp-json\/wp\/v2\/types\/post"}],"author":[{"embeddable":true,"href":"https:\/\/www.grandjacquet.fr\/en\/wp-json\/wp\/v2\/users\/5"}],"replies":[{"embeddable":true,"href":"https:\/\/www.grandjacquet.fr\/en\/wp-json\/wp\/v2\/comments?post=10363"}],"version-history":[{"count":0,"href":"https:\/\/www.grandjacquet.fr\/en\/wp-json\/wp\/v2\/posts\/10363\/revisions"}],"wp:featuredmedia":[{"embeddable":true,"href":"https:\/\/www.grandjacquet.fr\/en\/wp-json\/wp\/v2\/media\/10367"}],"wp:attachment":[{"href":"https:\/\/www.grandjacquet.fr\/en\/wp-json\/wp\/v2\/media?parent=10363"}],"wp:term":[{"taxonomy":"category","embeddable":true,"href":"https:\/\/www.grandjacquet.fr\/en\/wp-json\/wp\/v2\/categories?post=10363"},{"taxonomy":"post_tag","embeddable":true,"href":"https:\/\/www.grandjacquet.fr\/en\/wp-json\/wp\/v2\/tags?post=10363"}],"curies":[{"name":"wp","href":"https:\/\/api.w.org\/{rel}","templated":true}]}}