{"id":23501,"date":"2024-01-31T08:05:23","date_gmt":"2024-01-31T08:05:23","guid":{"rendered":"https:\/\/www.grandjacquet.fr\/?p=23501"},"modified":"2024-01-31T08:05:27","modified_gmt":"2024-01-31T08:05:27","slug":"salon-des-vignerons-independants-strasbourg","status":"publish","type":"post","link":"http:\/\/www.grandjacquet.fr\/en\/salon-des-vignerons-independants-strasbourg\/","title":{"rendered":"Salon des vins des Vignerons Ind\u00e9pendants de Strasbourg"},"content":{"rendered":"<p>On se donne rendez-vous \u00e0 la 31\u00e8me \u00e9dition des salons des vins des <a href=\"https:\/\/www.vigneron-independant.com\/31%C3%A8me-salon-des-vins-des-vignerons-ind%C3%A9pendants-strasbourg\" target=\"_blank\" rel=\"noreferrer noopener\">vignerons ind\u00e9pendants<\/a>\u00a0\u00e0 Strasbourg du 16 au 19 f\u00e9vrier 2024 ! <\/p>\n\n\n\n<p>Cliquez pour retrouver votre <a href=\"https:\/\/vignerons.mybadgeonline.com\/ParrainageStepform?IdProduit=B_EINVITATION_S07&amp;IdResp=991670127&amp;trk=einvitationPar\" target=\"_blank\" rel=\"noreferrer noopener\">invitation<\/a> au salon !<\/p>\n\n\n\n<p>Notre stand : L25<\/p>\n\n\n\n<p>Les horaires :<br>16\/02\/24 de 11h \u00e0 20h<br>17\/02\/24 et 18\/02\/24 de 10h \u00e0 19h<br>19\/02\/24 de 10h \u00e0 16h<\/p>\n\n\n\n<p>On vous attend nombreux pour d\u00e9couvrir nos cuv\u00e9es et \u00e9changer !<\/p>\n\n\n\n<p>\u00c0 tr\u00e8s vite<\/p>\n\n\n\n<p>Patricia et Jo\u00ebl Jacquet<\/p>\n\n\n<div class=\"wp-block-image\">\n<figure class=\"aligncenter size-large is-resized\"><img fetchpriority=\"high\" decoding=\"async\" width=\"1021\" height=\"1024\" src=\"https:\/\/www.grandjacquet.fr\/wp-content\/uploads\/2024\/01\/Capture-decran-2024-01-31-a-08.59.30-1021x1024.png\" alt=\"Salon des vins des Vignerons Ind\u00e9pendants de Strasbourg\" class=\"wp-image-23502\" style=\"width:511px;height:auto\" srcset=\"https:\/\/www.grandjacquet.fr\/wp-content\/uploads\/2024\/01\/Capture-decran-2024-01-31-a-08.59.30-1021x1024.png 1021w, https:\/\/www.grandjacquet.fr\/wp-content\/uploads\/2024\/01\/Capture-decran-2024-01-31-a-08.59.30-300x300.png 300w, https:\/\/www.grandjacquet.fr\/wp-content\/uploads\/2024\/01\/Capture-decran-2024-01-31-a-08.59.30-150x150.png 150w, https:\/\/www.grandjacquet.fr\/wp-content\/uploads\/2024\/01\/Capture-decran-2024-01-31-a-08.59.30-768x770.png 768w, https:\/\/www.grandjacquet.fr\/wp-content\/uploads\/2024\/01\/Capture-decran-2024-01-31-a-08.59.30-96x96.png 96w, https:\/\/www.grandjacquet.fr\/wp-content\/uploads\/2024\/01\/Capture-decran-2024-01-31-a-08.59.30-42x42.png 42w, https:\/\/www.grandjacquet.fr\/wp-content\/uploads\/2024\/01\/Capture-decran-2024-01-31-a-08.59.30-1531x1536.png 1531w, https:\/\/www.grandjacquet.fr\/wp-content\/uploads\/2024\/01\/Capture-decran-2024-01-31-a-08.59.30-12x12.png 12w, https:\/\/www.grandjacquet.fr\/wp-content\/uploads\/2024\/01\/Capture-decran-2024-01-31-a-08.59.30-600x602.png 600w, https:\/\/www.grandjacquet.fr\/wp-content\/uploads\/2024\/01\/Capture-decran-2024-01-31-a-08.59.30-100x100.png 100w, https:\/\/www.grandjacquet.fr\/wp-content\/uploads\/2024\/01\/Capture-decran-2024-01-31-a-08.59.30.png 1854w\" sizes=\"(max-width: 1021px) 100vw, 1021px\" \/><\/figure>\n<\/div>","protected":false},"excerpt":{"rendered":"<p>On se donne rendez-vous \u00e0 la 31\u00e8me \u00e9dition des salons des vins des vignerons ind\u00e9pendants\u00a0\u00e0 Strasbourg du 16 au 19 f\u00e9vrier 2024 ! Cliquez pour retrouver votre invitation au salon ! Notre stand : L25 Les horaires :16\/02\/24 de 11h \u00e0 20h17\/02\/24 et 18\/02\/24 de 10h \u00e0 19h19\/02\/24 de 10h \u00e0&#8230;<\/p>","protected":false},"author":5,"featured_media":2234,"comment_status":"open","ping_status":"open","sticky":false,"template":"","format":"standard","meta":{"_kad_post_transparent":"","_kad_post_title":"","_kad_post_layout":"","_kad_post_sidebar_id":"","_kad_post_content_style":"","_kad_post_vertical_padding":"","_kad_post_feature":"","_kad_post_feature_position":"","_kad_post_header":false,"_kad_post_footer":false,"_kad_post_classname":"","footnotes":""},"categories":[13],"tags":[],"class_list":["post-23501","post","type-post","status-publish","format-standard","has-post-thumbnail","hentry","category-les-salons"],"yoast_head":"<!-- This site is optimized with the Yoast SEO plugin v27.4 - https:\/\/yoast.com\/product\/yoast-seo-wordpress\/ -->\n<title>Salon des vins des Vignerons Ind\u00e9pendants de Strasbourg | Grand Jacquet<\/title>\n<meta name=\"description\" content=\"On se donne rendez-vous \u00e0 la 31\u00e8me \u00e9dition des salons des vins des vignerons ind\u00e9pendants\u00a0de Strasbourg du 16 au 19 f\u00e9vrier 2024 !\" \/>\n<meta name=\"robots\" content=\"index, follow, max-snippet:-1, max-image-preview:large, max-video-preview:-1\" \/>\n<link rel=\"canonical\" href=\"https:\/\/www.grandjacquet.fr\/en\/salon-des-vignerons-independants-strasbourg\/\" \/>\n<meta property=\"og:locale\" content=\"en_GB\" \/>\n<meta property=\"og:type\" content=\"article\" \/>\n<meta property=\"og:title\" content=\"Salon des vins des Vignerons Ind\u00e9pendants de Strasbourg | Grand Jacquet\" \/>\n<meta property=\"og:description\" content=\"On se donne rendez-vous \u00e0 la 31\u00e8me \u00e9dition des salons des vins des vignerons ind\u00e9pendants\u00a0de Strasbourg du 16 au 19 f\u00e9vrier 2024 !\" \/>\n<meta property=\"og:url\" content=\"https:\/\/www.grandjacquet.fr\/en\/salon-des-vignerons-independants-strasbourg\/\" \/>\n<meta property=\"og:site_name\" content=\"Grand Jacquet\" \/>\n<meta property=\"article:publisher\" content=\"https:\/\/www.facebook.com\/people\/Domaine-Grand-Jacquet\/100063467950836\/\" \/>\n<meta property=\"article:published_time\" content=\"2024-01-31T08:05:23+00:00\" \/>\n<meta property=\"article:modified_time\" content=\"2024-01-31T08:05:27+00:00\" \/>\n<meta property=\"og:image\" content=\"https:\/\/www.grandjacquet.fr\/wp-content\/uploads\/2022\/03\/strasbourg-salon.jpeg\" \/>\n\t<meta property=\"og:image:width\" content=\"800\" \/>\n\t<meta property=\"og:image:height\" content=\"640\" \/>\n\t<meta property=\"og:image:type\" content=\"image\/jpeg\" \/>\n<meta name=\"author\" content=\"Mathilde Martinet\" \/>\n<meta name=\"twitter:card\" content=\"summary_large_image\" \/>\n<meta name=\"twitter:creator\" content=\"@domgrandjacquet\" \/>\n<meta name=\"twitter:site\" content=\"@domgrandjacquet\" \/>\n<script type=\"application\/ld+json\" class=\"yoast-schema-graph\">{\"@context\":\"https:\\\/\\\/schema.org\",\"@graph\":[{\"@type\":\"Article\",\"@id\":\"https:\\\/\\\/www.grandjacquet.fr\\\/salon-des-vignerons-independants-strasbourg\\\/#article\",\"isPartOf\":{\"@id\":\"https:\\\/\\\/www.grandjacquet.fr\\\/salon-des-vignerons-independants-strasbourg\\\/\"},\"author\":{\"name\":\"Mathilde Martinet\",\"@id\":\"https:\\\/\\\/www.grandjacquet.fr\\\/#\\\/schema\\\/person\\\/0bc9716307dabc1b1e3354305995d361\"},\"headline\":\"Salon des vins des Vignerons Ind\u00e9pendants de Strasbourg\",\"datePublished\":\"2024-01-31T08:05:23+00:00\",\"dateModified\":\"2024-01-31T08:05:27+00:00\",\"mainEntityOfPage\":{\"@id\":\"https:\\\/\\\/www.grandjacquet.fr\\\/salon-des-vignerons-independants-strasbourg\\\/\"},\"wordCount\":71,\"commentCount\":0,\"publisher\":{\"@id\":\"https:\\\/\\\/www.grandjacquet.fr\\\/#organization\"},\"image\":{\"@id\":\"https:\\\/\\\/www.grandjacquet.fr\\\/salon-des-vignerons-independants-strasbourg\\\/#primaryimage\"},\"thumbnailUrl\":\"https:\\\/\\\/www.grandjacquet.fr\\\/wp-content\\\/uploads\\\/2022\\\/03\\\/strasbourg-salon.jpeg\",\"articleSection\":[\"les salons\"],\"inLanguage\":\"en-GB\",\"potentialAction\":[{\"@type\":\"CommentAction\",\"name\":\"Comment\",\"target\":[\"https:\\\/\\\/www.grandjacquet.fr\\\/salon-des-vignerons-independants-strasbourg\\\/#respond\"]}]},{\"@type\":\"WebPage\",\"@id\":\"https:\\\/\\\/www.grandjacquet.fr\\\/salon-des-vignerons-independants-strasbourg\\\/\",\"url\":\"https:\\\/\\\/www.grandjacquet.fr\\\/salon-des-vignerons-independants-strasbourg\\\/\",\"name\":\"Salon des vins des Vignerons Ind\u00e9pendants de Strasbourg | Grand Jacquet\",\"isPartOf\":{\"@id\":\"https:\\\/\\\/www.grandjacquet.fr\\\/#website\"},\"primaryImageOfPage\":{\"@id\":\"https:\\\/\\\/www.grandjacquet.fr\\\/salon-des-vignerons-independants-strasbourg\\\/#primaryimage\"},\"image\":{\"@id\":\"https:\\\/\\\/www.grandjacquet.fr\\\/salon-des-vignerons-independants-strasbourg\\\/#primaryimage\"},\"thumbnailUrl\":\"https:\\\/\\\/www.grandjacquet.fr\\\/wp-content\\\/uploads\\\/2022\\\/03\\\/strasbourg-salon.jpeg\",\"datePublished\":\"2024-01-31T08:05:23+00:00\",\"dateModified\":\"2024-01-31T08:05:27+00:00\",\"description\":\"On se donne rendez-vous \u00e0 la 31\u00e8me \u00e9dition des salons des vins des vignerons ind\u00e9pendants\u00a0de Strasbourg du 16 au 19 f\u00e9vrier 2024 !\",\"breadcrumb\":{\"@id\":\"https:\\\/\\\/www.grandjacquet.fr\\\/salon-des-vignerons-independants-strasbourg\\\/#breadcrumb\"},\"inLanguage\":\"en-GB\",\"potentialAction\":[{\"@type\":\"ReadAction\",\"target\":[\"https:\\\/\\\/www.grandjacquet.fr\\\/salon-des-vignerons-independants-strasbourg\\\/\"]}]},{\"@type\":\"ImageObject\",\"inLanguage\":\"en-GB\",\"@id\":\"https:\\\/\\\/www.grandjacquet.fr\\\/salon-des-vignerons-independants-strasbourg\\\/#primaryimage\",\"url\":\"https:\\\/\\\/www.grandjacquet.fr\\\/wp-content\\\/uploads\\\/2022\\\/03\\\/strasbourg-salon.jpeg\",\"contentUrl\":\"https:\\\/\\\/www.grandjacquet.fr\\\/wp-content\\\/uploads\\\/2022\\\/03\\\/strasbourg-salon.jpeg\",\"width\":800,\"height\":640,\"caption\":\"Salon des Vins des Vignerons Ind\u00e9pendants\"},{\"@type\":\"BreadcrumbList\",\"@id\":\"https:\\\/\\\/www.grandjacquet.fr\\\/salon-des-vignerons-independants-strasbourg\\\/#breadcrumb\",\"itemListElement\":[{\"@type\":\"ListItem\",\"position\":1,\"name\":\"Accueil\",\"item\":\"https:\\\/\\\/www.grandjacquet.fr\\\/\"},{\"@type\":\"ListItem\",\"position\":2,\"name\":\"Salon des vins des Vignerons Ind\u00e9pendants de Strasbourg\"}]},{\"@type\":\"WebSite\",\"@id\":\"https:\\\/\\\/www.grandjacquet.fr\\\/#website\",\"url\":\"https:\\\/\\\/www.grandjacquet.fr\\\/\",\"name\":\"Grand Jacquet\",\"description\":\"\",\"publisher\":{\"@id\":\"https:\\\/\\\/www.grandjacquet.fr\\\/#organization\"},\"potentialAction\":[{\"@type\":\"SearchAction\",\"target\":{\"@type\":\"EntryPoint\",\"urlTemplate\":\"https:\\\/\\\/www.grandjacquet.fr\\\/?s={search_term_string}\"},\"query-input\":{\"@type\":\"PropertyValueSpecification\",\"valueRequired\":true,\"valueName\":\"search_term_string\"}}],\"inLanguage\":\"en-GB\"},{\"@type\":\"Organization\",\"@id\":\"https:\\\/\\\/www.grandjacquet.fr\\\/#organization\",\"name\":\"Domaine du Grand Jacquet\",\"alternateName\":\"Domaine Grand Jacquet\",\"url\":\"https:\\\/\\\/www.grandjacquet.fr\\\/\",\"logo\":{\"@type\":\"ImageObject\",\"inLanguage\":\"en-GB\",\"@id\":\"https:\\\/\\\/www.grandjacquet.fr\\\/#\\\/schema\\\/logo\\\/image\\\/\",\"url\":\"https:\\\/\\\/www.grandjacquet.fr\\\/wp-content\\\/uploads\\\/2022\\\/05\\\/lechene.png\",\"contentUrl\":\"https:\\\/\\\/www.grandjacquet.fr\\\/wp-content\\\/uploads\\\/2022\\\/05\\\/lechene.png\",\"width\":126,\"height\":95,\"caption\":\"Domaine du Grand Jacquet\"},\"image\":{\"@id\":\"https:\\\/\\\/www.grandjacquet.fr\\\/#\\\/schema\\\/logo\\\/image\\\/\"},\"sameAs\":[\"https:\\\/\\\/www.facebook.com\\\/people\\\/Domaine-Grand-Jacquet\\\/100063467950836\\\/\",\"https:\\\/\\\/x.com\\\/domgrandjacquet\",\"https:\\\/\\\/www.instagram.com\\\/domainegrandjacquet\\\/?hl=fr\"]},{\"@type\":\"Person\",\"@id\":\"https:\\\/\\\/www.grandjacquet.fr\\\/#\\\/schema\\\/person\\\/0bc9716307dabc1b1e3354305995d361\",\"name\":\"Mathilde Martinet\",\"image\":{\"@type\":\"ImageObject\",\"inLanguage\":\"en-GB\",\"@id\":\"https:\\\/\\\/secure.gravatar.com\\\/avatar\\\/0790ccd31cc100300bfd09122924913427a79885e79bf4d04b20030a312c2757?s=96&d=mm&r=g\",\"url\":\"https:\\\/\\\/secure.gravatar.com\\\/avatar\\\/0790ccd31cc100300bfd09122924913427a79885e79bf4d04b20030a312c2757?s=96&d=mm&r=g\",\"contentUrl\":\"https:\\\/\\\/secure.gravatar.com\\\/avatar\\\/0790ccd31cc100300bfd09122924913427a79885e79bf4d04b20030a312c2757?s=96&d=mm&r=g\",\"caption\":\"Mathilde Martinet\"}}]}<\/script>\n<!-- \/ Yoast SEO plugin. -->","yoast_head_json":{"title":"Salon des vins des Vignerons Ind\u00e9pendants de Strasbourg | Grand Jacquet","description":"On se donne rendez-vous \u00e0 la 31\u00e8me \u00e9dition des salons des vins des vignerons ind\u00e9pendants\u00a0de Strasbourg du 16 au 19 f\u00e9vrier 2024 !","robots":{"index":"index","follow":"follow","max-snippet":"max-snippet:-1","max-image-preview":"max-image-preview:large","max-video-preview":"max-video-preview:-1"},"canonical":"https:\/\/www.grandjacquet.fr\/en\/salon-des-vignerons-independants-strasbourg\/","og_locale":"en_GB","og_type":"article","og_title":"Salon des vins des Vignerons Ind\u00e9pendants de Strasbourg | Grand Jacquet","og_description":"On se donne rendez-vous \u00e0 la 31\u00e8me \u00e9dition des salons des vins des vignerons ind\u00e9pendants\u00a0de Strasbourg du 16 au 19 f\u00e9vrier 2024 !","og_url":"https:\/\/www.grandjacquet.fr\/en\/salon-des-vignerons-independants-strasbourg\/","og_site_name":"Grand Jacquet","article_publisher":"https:\/\/www.facebook.com\/people\/Domaine-Grand-Jacquet\/100063467950836\/","article_published_time":"2024-01-31T08:05:23+00:00","article_modified_time":"2024-01-31T08:05:27+00:00","og_image":[{"width":800,"height":640,"url":"https:\/\/www.grandjacquet.fr\/wp-content\/uploads\/2022\/03\/strasbourg-salon.jpeg","type":"image\/jpeg"}],"author":"Mathilde Martinet","twitter_card":"summary_large_image","twitter_creator":"@domgrandjacquet","twitter_site":"@domgrandjacquet","schema":{"@context":"https:\/\/schema.org","@graph":[{"@type":"Article","@id":"https:\/\/www.grandjacquet.fr\/salon-des-vignerons-independants-strasbourg\/#article","isPartOf":{"@id":"https:\/\/www.grandjacquet.fr\/salon-des-vignerons-independants-strasbourg\/"},"author":{"name":"Mathilde Martinet","@id":"https:\/\/www.grandjacquet.fr\/#\/schema\/person\/0bc9716307dabc1b1e3354305995d361"},"headline":"Salon des vins des Vignerons Ind\u00e9pendants de Strasbourg","datePublished":"2024-01-31T08:05:23+00:00","dateModified":"2024-01-31T08:05:27+00:00","mainEntityOfPage":{"@id":"https:\/\/www.grandjacquet.fr\/salon-des-vignerons-independants-strasbourg\/"},"wordCount":71,"commentCount":0,"publisher":{"@id":"https:\/\/www.grandjacquet.fr\/#organization"},"image":{"@id":"https:\/\/www.grandjacquet.fr\/salon-des-vignerons-independants-strasbourg\/#primaryimage"},"thumbnailUrl":"https:\/\/www.grandjacquet.fr\/wp-content\/uploads\/2022\/03\/strasbourg-salon.jpeg","articleSection":["les salons"],"inLanguage":"en-GB","potentialAction":[{"@type":"CommentAction","name":"Comment","target":["https:\/\/www.grandjacquet.fr\/salon-des-vignerons-independants-strasbourg\/#respond"]}]},{"@type":"WebPage","@id":"https:\/\/www.grandjacquet.fr\/salon-des-vignerons-independants-strasbourg\/","url":"https:\/\/www.grandjacquet.fr\/salon-des-vignerons-independants-strasbourg\/","name":"Salon des vins des Vignerons Ind\u00e9pendants de Strasbourg | Grand Jacquet","isPartOf":{"@id":"https:\/\/www.grandjacquet.fr\/#website"},"primaryImageOfPage":{"@id":"https:\/\/www.grandjacquet.fr\/salon-des-vignerons-independants-strasbourg\/#primaryimage"},"image":{"@id":"https:\/\/www.grandjacquet.fr\/salon-des-vignerons-independants-strasbourg\/#primaryimage"},"thumbnailUrl":"https:\/\/www.grandjacquet.fr\/wp-content\/uploads\/2022\/03\/strasbourg-salon.jpeg","datePublished":"2024-01-31T08:05:23+00:00","dateModified":"2024-01-31T08:05:27+00:00","description":"On se donne rendez-vous \u00e0 la 31\u00e8me \u00e9dition des salons des vins des vignerons ind\u00e9pendants\u00a0de Strasbourg du 16 au 19 f\u00e9vrier 2024 !","breadcrumb":{"@id":"https:\/\/www.grandjacquet.fr\/salon-des-vignerons-independants-strasbourg\/#breadcrumb"},"inLanguage":"en-GB","potentialAction":[{"@type":"ReadAction","target":["https:\/\/www.grandjacquet.fr\/salon-des-vignerons-independants-strasbourg\/"]}]},{"@type":"ImageObject","inLanguage":"en-GB","@id":"https:\/\/www.grandjacquet.fr\/salon-des-vignerons-independants-strasbourg\/#primaryimage","url":"https:\/\/www.grandjacquet.fr\/wp-content\/uploads\/2022\/03\/strasbourg-salon.jpeg","contentUrl":"https:\/\/www.grandjacquet.fr\/wp-content\/uploads\/2022\/03\/strasbourg-salon.jpeg","width":800,"height":640,"caption":"Salon des Vins des Vignerons Ind\u00e9pendants"},{"@type":"BreadcrumbList","@id":"https:\/\/www.grandjacquet.fr\/salon-des-vignerons-independants-strasbourg\/#breadcrumb","itemListElement":[{"@type":"ListItem","position":1,"name":"Accueil","item":"https:\/\/www.grandjacquet.fr\/"},{"@type":"ListItem","position":2,"name":"Salon des vins des Vignerons Ind\u00e9pendants de Strasbourg"}]},{"@type":"WebSite","@id":"https:\/\/www.grandjacquet.fr\/#website","url":"https:\/\/www.grandjacquet.fr\/","name":"Grand Jacquet","description":"","publisher":{"@id":"https:\/\/www.grandjacquet.fr\/#organization"},"potentialAction":[{"@type":"SearchAction","target":{"@type":"EntryPoint","urlTemplate":"https:\/\/www.grandjacquet.fr\/?s={search_term_string}"},"query-input":{"@type":"PropertyValueSpecification","valueRequired":true,"valueName":"search_term_string"}}],"inLanguage":"en-GB"},{"@type":"Organization","@id":"https:\/\/www.grandjacquet.fr\/#organization","name":"Domaine du Grand Jacquet","alternateName":"Domaine Grand Jacquet","url":"https:\/\/www.grandjacquet.fr\/","logo":{"@type":"ImageObject","inLanguage":"en-GB","@id":"https:\/\/www.grandjacquet.fr\/#\/schema\/logo\/image\/","url":"https:\/\/www.grandjacquet.fr\/wp-content\/uploads\/2022\/05\/lechene.png","contentUrl":"https:\/\/www.grandjacquet.fr\/wp-content\/uploads\/2022\/05\/lechene.png","width":126,"height":95,"caption":"Domaine du Grand Jacquet"},"image":{"@id":"https:\/\/www.grandjacquet.fr\/#\/schema\/logo\/image\/"},"sameAs":["https:\/\/www.facebook.com\/people\/Domaine-Grand-Jacquet\/100063467950836\/","https:\/\/x.com\/domgrandjacquet","https:\/\/www.instagram.com\/domainegrandjacquet\/?hl=fr"]},{"@type":"Person","@id":"https:\/\/www.grandjacquet.fr\/#\/schema\/person\/0bc9716307dabc1b1e3354305995d361","name":"Mathilde Martinet","image":{"@type":"ImageObject","inLanguage":"en-GB","@id":"https:\/\/secure.gravatar.com\/avatar\/0790ccd31cc100300bfd09122924913427a79885e79bf4d04b20030a312c2757?s=96&d=mm&r=g","url":"https:\/\/secure.gravatar.com\/avatar\/0790ccd31cc100300bfd09122924913427a79885e79bf4d04b20030a312c2757?s=96&d=mm&r=g","contentUrl":"https:\/\/secure.gravatar.com\/avatar\/0790ccd31cc100300bfd09122924913427a79885e79bf4d04b20030a312c2757?s=96&d=mm&r=g","caption":"Mathilde Martinet"}}]}},"_links":{"self":[{"href":"http:\/\/www.grandjacquet.fr\/en\/wp-json\/wp\/v2\/posts\/23501","targetHints":{"allow":["GET"]}}],"collection":[{"href":"http:\/\/www.grandjacquet.fr\/en\/wp-json\/wp\/v2\/posts"}],"about":[{"href":"http:\/\/www.grandjacquet.fr\/en\/wp-json\/wp\/v2\/types\/post"}],"author":[{"embeddable":true,"href":"http:\/\/www.grandjacquet.fr\/en\/wp-json\/wp\/v2\/users\/5"}],"replies":[{"embeddable":true,"href":"http:\/\/www.grandjacquet.fr\/en\/wp-json\/wp\/v2\/comments?post=23501"}],"version-history":[{"count":0,"href":"http:\/\/www.grandjacquet.fr\/en\/wp-json\/wp\/v2\/posts\/23501\/revisions"}],"wp:featuredmedia":[{"embeddable":true,"href":"http:\/\/www.grandjacquet.fr\/en\/wp-json\/wp\/v2\/media\/2234"}],"wp:attachment":[{"href":"http:\/\/www.grandjacquet.fr\/en\/wp-json\/wp\/v2\/media?parent=23501"}],"wp:term":[{"taxonomy":"category","embeddable":true,"href":"http:\/\/www.grandjacquet.fr\/en\/wp-json\/wp\/v2\/categories?post=23501"},{"taxonomy":"post_tag","embeddable":true,"href":"http:\/\/www.grandjacquet.fr\/en\/wp-json\/wp\/v2\/tags?post=23501"}],"curies":[{"name":"wp","href":"https:\/\/api.w.org\/{rel}","templated":true}]}}