{"id":12335,"date":"2023-01-23T17:33:05","date_gmt":"2023-01-23T17:33:05","guid":{"rendered":"https:\/\/www.grandjacquet.fr\/?p=12335"},"modified":"2023-01-23T17:36:24","modified_gmt":"2023-01-23T17:36:24","slug":"salons-des-vins","status":"publish","type":"post","link":"http:\/\/www.grandjacquet.fr\/en\/salons-des-vins\/","title":{"rendered":"Salon des vins des Vignerons Ind\u00e9pendants"},"content":{"rendered":"<figure class=\"wp-block-image size-large\"><img fetchpriority=\"high\" decoding=\"async\" width=\"1024\" height=\"1024\" src=\"https:\/\/www.grandjacquet.fr\/wp-content\/uploads\/2023\/01\/3-2-1024x1024.png\" alt=\"Salon des vins des Vignerons Ind\u00e9pendants\" class=\"wp-image-12336\" title=\"Salon des vins des Vignerons Ind\u00e9pendants\" srcset=\"https:\/\/www.grandjacquet.fr\/wp-content\/uploads\/2023\/01\/3-2-1024x1024.png 1024w, https:\/\/www.grandjacquet.fr\/wp-content\/uploads\/2023\/01\/3-2-300x300.png 300w, https:\/\/www.grandjacquet.fr\/wp-content\/uploads\/2023\/01\/3-2-150x150.png 150w, https:\/\/www.grandjacquet.fr\/wp-content\/uploads\/2023\/01\/3-2-768x768.png 768w, https:\/\/www.grandjacquet.fr\/wp-content\/uploads\/2023\/01\/3-2-96x96.png 96w, https:\/\/www.grandjacquet.fr\/wp-content\/uploads\/2023\/01\/3-2-42x42.png 42w, https:\/\/www.grandjacquet.fr\/wp-content\/uploads\/2023\/01\/3-2-12x12.png 12w, https:\/\/www.grandjacquet.fr\/wp-content\/uploads\/2023\/01\/3-2-600x600.png 600w, https:\/\/www.grandjacquet.fr\/wp-content\/uploads\/2023\/01\/3-2-100x100.png 100w, https:\/\/www.grandjacquet.fr\/wp-content\/uploads\/2023\/01\/3-2.png 1080w\" sizes=\"(max-width: 1024px) 100vw, 1024px\" \/><\/figure>\n\n\n\n<p>We will be present from the 3rd to the 6th of February 2023 at the independent winegrowers' exhibition in Strasbourg at the Parc des Expositions, rue Fritz Kieffer.<\/p>\n\n\n\n<p>We will welcome you on our stand C32 to make you discover our new vintages.<\/p>\n\n\n\n<p>You can get our invitation, by clicking <a href=\"https:\/\/vignerons.mybadgeonline.com\/ParrainageStepform?IdProduit=B_EINVITATION_S07&amp;IdResp=597877045&amp;trk=einvitationPar\" target=\"_blank\" rel=\"noreferrer noopener\">here<\/a>.<\/p>\n\n\n\n<p>Nous avons h\u00e2te de vous rencontrer ! <\/p>","protected":false},"excerpt":{"rendered":"<p>We will be present from February 3 to 6, 2023 at the independent winegrowers' exhibition in Strasbourg at the Parc des Expositions, rue Fritz Kieffer. We will welcome you on our stand C32 to make you discover our new vintages. You can get our invitation by clicking here. We are looking forward to...<\/p>","protected":false},"author":5,"featured_media":2234,"comment_status":"open","ping_status":"open","sticky":false,"template":"","format":"standard","meta":{"_kad_post_transparent":"","_kad_post_title":"","_kad_post_layout":"","_kad_post_sidebar_id":"","_kad_post_content_style":"","_kad_post_vertical_padding":"","_kad_post_feature":"","_kad_post_feature_position":"","_kad_post_header":false,"_kad_post_footer":false,"_kad_post_classname":"","footnotes":""},"categories":[13],"tags":[],"class_list":["post-12335","post","type-post","status-publish","format-standard","has-post-thumbnail","hentry","category-les-salons"],"yoast_head":"<!-- This site is optimized with the Yoast SEO plugin v27.4 - https:\/\/yoast.com\/product\/yoast-seo-wordpress\/ -->\n<title>Salon des vins des Vignerons Ind\u00e9pendants | Grand Jacquet<\/title>\n<meta name=\"description\" content=\"Nous serons pr\u00e9sents du 3 au 6 f\u00e9vrier 2023 au salon des vins des vignerons ind\u00e9pendants \u00e0 Strasbourg au Parc des Expositions, rue Fritz Kieffer.\" \/>\n<meta name=\"robots\" content=\"index, follow, max-snippet:-1, max-image-preview:large, max-video-preview:-1\" \/>\n<link rel=\"canonical\" href=\"https:\/\/www.grandjacquet.fr\/en\/salons-des-vins\/\" \/>\n<meta property=\"og:locale\" content=\"en_GB\" \/>\n<meta property=\"og:type\" content=\"article\" \/>\n<meta property=\"og:title\" content=\"Salon des vins des Vignerons Ind\u00e9pendants | Grand Jacquet\" \/>\n<meta property=\"og:description\" content=\"Nous serons pr\u00e9sents du 3 au 6 f\u00e9vrier 2023 au salon des vins des vignerons ind\u00e9pendants \u00e0 Strasbourg au Parc des Expositions, rue Fritz Kieffer.\" \/>\n<meta property=\"og:url\" content=\"https:\/\/www.grandjacquet.fr\/en\/salons-des-vins\/\" \/>\n<meta property=\"og:site_name\" content=\"Grand Jacquet\" \/>\n<meta property=\"article:publisher\" content=\"https:\/\/www.facebook.com\/people\/Domaine-Grand-Jacquet\/100063467950836\/\" \/>\n<meta property=\"article:published_time\" content=\"2023-01-23T17:33:05+00:00\" \/>\n<meta property=\"article:modified_time\" content=\"2023-01-23T17:36:24+00:00\" \/>\n<meta property=\"og:image\" content=\"https:\/\/www.grandjacquet.fr\/wp-content\/uploads\/2022\/03\/strasbourg-salon.jpeg\" \/>\n\t<meta property=\"og:image:width\" content=\"800\" \/>\n\t<meta property=\"og:image:height\" content=\"640\" \/>\n\t<meta property=\"og:image:type\" content=\"image\/jpeg\" \/>\n<meta name=\"author\" content=\"Mathilde Martinet\" \/>\n<meta name=\"twitter:card\" content=\"summary_large_image\" \/>\n<meta name=\"twitter:creator\" content=\"@domgrandjacquet\" \/>\n<meta name=\"twitter:site\" content=\"@domgrandjacquet\" \/>\n<script type=\"application\/ld+json\" class=\"yoast-schema-graph\">{\"@context\":\"https:\\\/\\\/schema.org\",\"@graph\":[{\"@type\":\"Article\",\"@id\":\"https:\\\/\\\/www.grandjacquet.fr\\\/salons-des-vins\\\/#article\",\"isPartOf\":{\"@id\":\"https:\\\/\\\/www.grandjacquet.fr\\\/salons-des-vins\\\/\"},\"author\":{\"name\":\"Mathilde Martinet\",\"@id\":\"https:\\\/\\\/www.grandjacquet.fr\\\/#\\\/schema\\\/person\\\/0bc9716307dabc1b1e3354305995d361\"},\"headline\":\"Salon des vins des Vignerons Ind\u00e9pendants\",\"datePublished\":\"2023-01-23T17:33:05+00:00\",\"dateModified\":\"2023-01-23T17:36:24+00:00\",\"mainEntityOfPage\":{\"@id\":\"https:\\\/\\\/www.grandjacquet.fr\\\/salons-des-vins\\\/\"},\"wordCount\":64,\"commentCount\":0,\"publisher\":{\"@id\":\"https:\\\/\\\/www.grandjacquet.fr\\\/#organization\"},\"image\":{\"@id\":\"https:\\\/\\\/www.grandjacquet.fr\\\/salons-des-vins\\\/#primaryimage\"},\"thumbnailUrl\":\"https:\\\/\\\/www.grandjacquet.fr\\\/wp-content\\\/uploads\\\/2022\\\/03\\\/strasbourg-salon.jpeg\",\"articleSection\":[\"les salons\"],\"inLanguage\":\"en-GB\",\"potentialAction\":[{\"@type\":\"CommentAction\",\"name\":\"Comment\",\"target\":[\"https:\\\/\\\/www.grandjacquet.fr\\\/salons-des-vins\\\/#respond\"]}]},{\"@type\":\"WebPage\",\"@id\":\"https:\\\/\\\/www.grandjacquet.fr\\\/salons-des-vins\\\/\",\"url\":\"https:\\\/\\\/www.grandjacquet.fr\\\/salons-des-vins\\\/\",\"name\":\"Salon des vins des Vignerons Ind\u00e9pendants | Grand Jacquet\",\"isPartOf\":{\"@id\":\"https:\\\/\\\/www.grandjacquet.fr\\\/#website\"},\"primaryImageOfPage\":{\"@id\":\"https:\\\/\\\/www.grandjacquet.fr\\\/salons-des-vins\\\/#primaryimage\"},\"image\":{\"@id\":\"https:\\\/\\\/www.grandjacquet.fr\\\/salons-des-vins\\\/#primaryimage\"},\"thumbnailUrl\":\"https:\\\/\\\/www.grandjacquet.fr\\\/wp-content\\\/uploads\\\/2022\\\/03\\\/strasbourg-salon.jpeg\",\"datePublished\":\"2023-01-23T17:33:05+00:00\",\"dateModified\":\"2023-01-23T17:36:24+00:00\",\"description\":\"Nous serons pr\u00e9sents du 3 au 6 f\u00e9vrier 2023 au salon des vins des vignerons ind\u00e9pendants \u00e0 Strasbourg au Parc des Expositions, rue Fritz Kieffer.\",\"breadcrumb\":{\"@id\":\"https:\\\/\\\/www.grandjacquet.fr\\\/salons-des-vins\\\/#breadcrumb\"},\"inLanguage\":\"en-GB\",\"potentialAction\":[{\"@type\":\"ReadAction\",\"target\":[\"https:\\\/\\\/www.grandjacquet.fr\\\/salons-des-vins\\\/\"]}]},{\"@type\":\"ImageObject\",\"inLanguage\":\"en-GB\",\"@id\":\"https:\\\/\\\/www.grandjacquet.fr\\\/salons-des-vins\\\/#primaryimage\",\"url\":\"https:\\\/\\\/www.grandjacquet.fr\\\/wp-content\\\/uploads\\\/2022\\\/03\\\/strasbourg-salon.jpeg\",\"contentUrl\":\"https:\\\/\\\/www.grandjacquet.fr\\\/wp-content\\\/uploads\\\/2022\\\/03\\\/strasbourg-salon.jpeg\",\"width\":800,\"height\":640,\"caption\":\"Salon des Vins des Vignerons Ind\u00e9pendants\"},{\"@type\":\"BreadcrumbList\",\"@id\":\"https:\\\/\\\/www.grandjacquet.fr\\\/salons-des-vins\\\/#breadcrumb\",\"itemListElement\":[{\"@type\":\"ListItem\",\"position\":1,\"name\":\"Accueil\",\"item\":\"https:\\\/\\\/www.grandjacquet.fr\\\/\"},{\"@type\":\"ListItem\",\"position\":2,\"name\":\"Salon des vins des Vignerons Ind\u00e9pendants\"}]},{\"@type\":\"WebSite\",\"@id\":\"https:\\\/\\\/www.grandjacquet.fr\\\/#website\",\"url\":\"https:\\\/\\\/www.grandjacquet.fr\\\/\",\"name\":\"Grand Jacquet\",\"description\":\"\",\"publisher\":{\"@id\":\"https:\\\/\\\/www.grandjacquet.fr\\\/#organization\"},\"potentialAction\":[{\"@type\":\"SearchAction\",\"target\":{\"@type\":\"EntryPoint\",\"urlTemplate\":\"https:\\\/\\\/www.grandjacquet.fr\\\/?s={search_term_string}\"},\"query-input\":{\"@type\":\"PropertyValueSpecification\",\"valueRequired\":true,\"valueName\":\"search_term_string\"}}],\"inLanguage\":\"en-GB\"},{\"@type\":\"Organization\",\"@id\":\"https:\\\/\\\/www.grandjacquet.fr\\\/#organization\",\"name\":\"Domaine du Grand Jacquet\",\"alternateName\":\"Domaine Grand Jacquet\",\"url\":\"https:\\\/\\\/www.grandjacquet.fr\\\/\",\"logo\":{\"@type\":\"ImageObject\",\"inLanguage\":\"en-GB\",\"@id\":\"https:\\\/\\\/www.grandjacquet.fr\\\/#\\\/schema\\\/logo\\\/image\\\/\",\"url\":\"https:\\\/\\\/www.grandjacquet.fr\\\/wp-content\\\/uploads\\\/2022\\\/05\\\/lechene.png\",\"contentUrl\":\"https:\\\/\\\/www.grandjacquet.fr\\\/wp-content\\\/uploads\\\/2022\\\/05\\\/lechene.png\",\"width\":126,\"height\":95,\"caption\":\"Domaine du Grand Jacquet\"},\"image\":{\"@id\":\"https:\\\/\\\/www.grandjacquet.fr\\\/#\\\/schema\\\/logo\\\/image\\\/\"},\"sameAs\":[\"https:\\\/\\\/www.facebook.com\\\/people\\\/Domaine-Grand-Jacquet\\\/100063467950836\\\/\",\"https:\\\/\\\/x.com\\\/domgrandjacquet\",\"https:\\\/\\\/www.instagram.com\\\/domainegrandjacquet\\\/?hl=fr\"]},{\"@type\":\"Person\",\"@id\":\"https:\\\/\\\/www.grandjacquet.fr\\\/#\\\/schema\\\/person\\\/0bc9716307dabc1b1e3354305995d361\",\"name\":\"Mathilde Martinet\",\"image\":{\"@type\":\"ImageObject\",\"inLanguage\":\"en-GB\",\"@id\":\"https:\\\/\\\/secure.gravatar.com\\\/avatar\\\/0790ccd31cc100300bfd09122924913427a79885e79bf4d04b20030a312c2757?s=96&d=mm&r=g\",\"url\":\"https:\\\/\\\/secure.gravatar.com\\\/avatar\\\/0790ccd31cc100300bfd09122924913427a79885e79bf4d04b20030a312c2757?s=96&d=mm&r=g\",\"contentUrl\":\"https:\\\/\\\/secure.gravatar.com\\\/avatar\\\/0790ccd31cc100300bfd09122924913427a79885e79bf4d04b20030a312c2757?s=96&d=mm&r=g\",\"caption\":\"Mathilde Martinet\"}}]}<\/script>\n<!-- \/ Yoast SEO plugin. -->","yoast_head_json":{"title":"Salon des vins des Vignerons Ind\u00e9pendants | Grand Jacquet","description":"We will be present from the 3rd to the 6th of February 2023 at the independent winegrowers' exhibition in Strasbourg at the Parc des Expositions, rue Fritz Kieffer.","robots":{"index":"index","follow":"follow","max-snippet":"max-snippet:-1","max-image-preview":"max-image-preview:large","max-video-preview":"max-video-preview:-1"},"canonical":"https:\/\/www.grandjacquet.fr\/en\/salons-des-vins\/","og_locale":"en_GB","og_type":"article","og_title":"Salon des vins des Vignerons Ind\u00e9pendants | Grand Jacquet","og_description":"Nous serons pr\u00e9sents du 3 au 6 f\u00e9vrier 2023 au salon des vins des vignerons ind\u00e9pendants \u00e0 Strasbourg au Parc des Expositions, rue Fritz Kieffer.","og_url":"https:\/\/www.grandjacquet.fr\/en\/salons-des-vins\/","og_site_name":"Grand Jacquet","article_publisher":"https:\/\/www.facebook.com\/people\/Domaine-Grand-Jacquet\/100063467950836\/","article_published_time":"2023-01-23T17:33:05+00:00","article_modified_time":"2023-01-23T17:36:24+00:00","og_image":[{"width":800,"height":640,"url":"https:\/\/www.grandjacquet.fr\/wp-content\/uploads\/2022\/03\/strasbourg-salon.jpeg","type":"image\/jpeg"}],"author":"Mathilde Martinet","twitter_card":"summary_large_image","twitter_creator":"@domgrandjacquet","twitter_site":"@domgrandjacquet","schema":{"@context":"https:\/\/schema.org","@graph":[{"@type":"Article","@id":"https:\/\/www.grandjacquet.fr\/salons-des-vins\/#article","isPartOf":{"@id":"https:\/\/www.grandjacquet.fr\/salons-des-vins\/"},"author":{"name":"Mathilde Martinet","@id":"https:\/\/www.grandjacquet.fr\/#\/schema\/person\/0bc9716307dabc1b1e3354305995d361"},"headline":"Salon des vins des Vignerons Ind\u00e9pendants","datePublished":"2023-01-23T17:33:05+00:00","dateModified":"2023-01-23T17:36:24+00:00","mainEntityOfPage":{"@id":"https:\/\/www.grandjacquet.fr\/salons-des-vins\/"},"wordCount":64,"commentCount":0,"publisher":{"@id":"https:\/\/www.grandjacquet.fr\/#organization"},"image":{"@id":"https:\/\/www.grandjacquet.fr\/salons-des-vins\/#primaryimage"},"thumbnailUrl":"https:\/\/www.grandjacquet.fr\/wp-content\/uploads\/2022\/03\/strasbourg-salon.jpeg","articleSection":["les salons"],"inLanguage":"en-GB","potentialAction":[{"@type":"CommentAction","name":"Comment","target":["https:\/\/www.grandjacquet.fr\/salons-des-vins\/#respond"]}]},{"@type":"WebPage","@id":"https:\/\/www.grandjacquet.fr\/salons-des-vins\/","url":"https:\/\/www.grandjacquet.fr\/salons-des-vins\/","name":"Salon des vins des Vignerons Ind\u00e9pendants | Grand Jacquet","isPartOf":{"@id":"https:\/\/www.grandjacquet.fr\/#website"},"primaryImageOfPage":{"@id":"https:\/\/www.grandjacquet.fr\/salons-des-vins\/#primaryimage"},"image":{"@id":"https:\/\/www.grandjacquet.fr\/salons-des-vins\/#primaryimage"},"thumbnailUrl":"https:\/\/www.grandjacquet.fr\/wp-content\/uploads\/2022\/03\/strasbourg-salon.jpeg","datePublished":"2023-01-23T17:33:05+00:00","dateModified":"2023-01-23T17:36:24+00:00","description":"We will be present from the 3rd to the 6th of February 2023 at the independent winegrowers' exhibition in Strasbourg at the Parc des Expositions, rue Fritz Kieffer.","breadcrumb":{"@id":"https:\/\/www.grandjacquet.fr\/salons-des-vins\/#breadcrumb"},"inLanguage":"en-GB","potentialAction":[{"@type":"ReadAction","target":["https:\/\/www.grandjacquet.fr\/salons-des-vins\/"]}]},{"@type":"ImageObject","inLanguage":"en-GB","@id":"https:\/\/www.grandjacquet.fr\/salons-des-vins\/#primaryimage","url":"https:\/\/www.grandjacquet.fr\/wp-content\/uploads\/2022\/03\/strasbourg-salon.jpeg","contentUrl":"https:\/\/www.grandjacquet.fr\/wp-content\/uploads\/2022\/03\/strasbourg-salon.jpeg","width":800,"height":640,"caption":"Salon des Vins des Vignerons Ind\u00e9pendants"},{"@type":"BreadcrumbList","@id":"https:\/\/www.grandjacquet.fr\/salons-des-vins\/#breadcrumb","itemListElement":[{"@type":"ListItem","position":1,"name":"Accueil","item":"https:\/\/www.grandjacquet.fr\/"},{"@type":"ListItem","position":2,"name":"Salon des vins des Vignerons Ind\u00e9pendants"}]},{"@type":"WebSite","@id":"https:\/\/www.grandjacquet.fr\/#website","url":"https:\/\/www.grandjacquet.fr\/","name":"Grand Jacquet","description":"","publisher":{"@id":"https:\/\/www.grandjacquet.fr\/#organization"},"potentialAction":[{"@type":"SearchAction","target":{"@type":"EntryPoint","urlTemplate":"https:\/\/www.grandjacquet.fr\/?s={search_term_string}"},"query-input":{"@type":"PropertyValueSpecification","valueRequired":true,"valueName":"search_term_string"}}],"inLanguage":"en-GB"},{"@type":"Organization","@id":"https:\/\/www.grandjacquet.fr\/#organization","name":"Domaine du Grand Jacquet","alternateName":"Domaine Grand Jacquet","url":"https:\/\/www.grandjacquet.fr\/","logo":{"@type":"ImageObject","inLanguage":"en-GB","@id":"https:\/\/www.grandjacquet.fr\/#\/schema\/logo\/image\/","url":"https:\/\/www.grandjacquet.fr\/wp-content\/uploads\/2022\/05\/lechene.png","contentUrl":"https:\/\/www.grandjacquet.fr\/wp-content\/uploads\/2022\/05\/lechene.png","width":126,"height":95,"caption":"Domaine du Grand Jacquet"},"image":{"@id":"https:\/\/www.grandjacquet.fr\/#\/schema\/logo\/image\/"},"sameAs":["https:\/\/www.facebook.com\/people\/Domaine-Grand-Jacquet\/100063467950836\/","https:\/\/x.com\/domgrandjacquet","https:\/\/www.instagram.com\/domainegrandjacquet\/?hl=fr"]},{"@type":"Person","@id":"https:\/\/www.grandjacquet.fr\/#\/schema\/person\/0bc9716307dabc1b1e3354305995d361","name":"Mathilde Martinet","image":{"@type":"ImageObject","inLanguage":"en-GB","@id":"https:\/\/secure.gravatar.com\/avatar\/0790ccd31cc100300bfd09122924913427a79885e79bf4d04b20030a312c2757?s=96&d=mm&r=g","url":"https:\/\/secure.gravatar.com\/avatar\/0790ccd31cc100300bfd09122924913427a79885e79bf4d04b20030a312c2757?s=96&d=mm&r=g","contentUrl":"https:\/\/secure.gravatar.com\/avatar\/0790ccd31cc100300bfd09122924913427a79885e79bf4d04b20030a312c2757?s=96&d=mm&r=g","caption":"Mathilde Martinet"}}]}},"_links":{"self":[{"href":"http:\/\/www.grandjacquet.fr\/en\/wp-json\/wp\/v2\/posts\/12335","targetHints":{"allow":["GET"]}}],"collection":[{"href":"http:\/\/www.grandjacquet.fr\/en\/wp-json\/wp\/v2\/posts"}],"about":[{"href":"http:\/\/www.grandjacquet.fr\/en\/wp-json\/wp\/v2\/types\/post"}],"author":[{"embeddable":true,"href":"http:\/\/www.grandjacquet.fr\/en\/wp-json\/wp\/v2\/users\/5"}],"replies":[{"embeddable":true,"href":"http:\/\/www.grandjacquet.fr\/en\/wp-json\/wp\/v2\/comments?post=12335"}],"version-history":[{"count":0,"href":"http:\/\/www.grandjacquet.fr\/en\/wp-json\/wp\/v2\/posts\/12335\/revisions"}],"wp:featuredmedia":[{"embeddable":true,"href":"http:\/\/www.grandjacquet.fr\/en\/wp-json\/wp\/v2\/media\/2234"}],"wp:attachment":[{"href":"http:\/\/www.grandjacquet.fr\/en\/wp-json\/wp\/v2\/media?parent=12335"}],"wp:term":[{"taxonomy":"category","embeddable":true,"href":"http:\/\/www.grandjacquet.fr\/en\/wp-json\/wp\/v2\/categories?post=12335"},{"taxonomy":"post_tag","embeddable":true,"href":"http:\/\/www.grandjacquet.fr\/en\/wp-json\/wp\/v2\/tags?post=12335"}],"curies":[{"name":"wp","href":"https:\/\/api.w.org\/{rel}","templated":true}]}}